{"id":10036,"date":"2024-04-09T12:12:33","date_gmt":"2024-04-09T12:12:33","guid":{"rendered":"https:\/\/trayectoriadeportiva.com\/index.php\/2024\/04\/09\/luis-enrique-nadie-como-yo-representa-el-estilo-del-barca\/"},"modified":"2024-04-09T12:12:33","modified_gmt":"2024-04-09T12:12:33","slug":"luis-enrique-nadie-como-yo-representa-el-estilo-del-barca","status":"publish","type":"post","link":"https:\/\/trayectoriadeportiva.com\/index.php\/2024\/04\/09\/luis-enrique-nadie-como-yo-representa-el-estilo-del-barca\/","title":{"rendered":"Luis Enrique: \u201cNadie como yo representa el estilo del Bar\u00e7a\u201d"},"content":{"rendered":"<p>De estilo personal e intransferible, Luis Enrique afronta la ida de los cuartos de final de la Champions con la vehemencia de siempre, desacomplajado y haciendo de la presi\u00f3n su gasolina. De hecho neg\u00f3 que su equipo la sienta y la transform\u00f3 en \u201cilusi\u00f3n y ambici\u00f3n\u201d. Es en estos momentos de la temporada cuando el t\u00e9cnico, en consonancia con sus equipos, se suele crecer. \u201cEstamos en un gran momento de la temporada, nos llega en el mejor momento mental, f\u00edsico y futbol\u00edstico\u201d, dej\u00f3 caer para empezar. M\u00e1s adelante, se postul\u00f3 como el mejor representante de los valores futbol\u00edsticos del Bar\u00e7a, por encima del Xavi entrenador y sin titubeo alguno. \u201cMirad las estad\u00edsticas, en posesi\u00f3n, en presi\u00f3n alta, en t\u00edtulos. Lo represento yo, sin ninguna duda\u201d, sentenci\u00f3.<\/p>\n<p><a href=\"https:\/\/www.lavanguardia.com\/deportes\/fc-barcelona\/20240409\/9591254\/luis-enrique-nadie-representa-estilo-barca.html\">Seguir leyendo&#8230;<\/a><\/p>","protected":false},"excerpt":{"rendered":"<p>De estilo personal e intransferible, Luis Enrique afronta la ida de los cuartos de final de la Champions con la vehemencia de siempre, desacomplajado y haciendo de la presi\u00f3n su gasolina. De hecho neg\u00f3 que su equipo la sienta y la transform\u00f3 en \u201cilusi\u00f3n y ambici\u00f3n\u201d. Es en estos momentos de la temporada cuando el [&hellip;]<\/p>\n","protected":false},"author":0,"featured_media":10037,"comment_status":"","ping_status":"","sticky":false,"template":"","format":"standard","meta":{"_et_pb_use_builder":"","_et_pb_old_content":"","_et_gb_content_width":"","footnotes":""},"categories":[1],"tags":[],"class_list":["post-10036","post","type-post","status-publish","format-standard","has-post-thumbnail","hentry","category-blog","et-has-post-format-content","et_post_format-et-post-format-standard"],"_links":{"self":[{"href":"https:\/\/trayectoriadeportiva.com\/index.php\/wp-json\/wp\/v2\/posts\/10036","targetHints":{"allow":["GET"]}}],"collection":[{"href":"https:\/\/trayectoriadeportiva.com\/index.php\/wp-json\/wp\/v2\/posts"}],"about":[{"href":"https:\/\/trayectoriadeportiva.com\/index.php\/wp-json\/wp\/v2\/types\/post"}],"replies":[{"embeddable":true,"href":"https:\/\/trayectoriadeportiva.com\/index.php\/wp-json\/wp\/v2\/comments?post=10036"}],"version-history":[{"count":0,"href":"https:\/\/trayectoriadeportiva.com\/index.php\/wp-json\/wp\/v2\/posts\/10036\/revisions"}],"wp:featuredmedia":[{"embeddable":true,"href":"https:\/\/trayectoriadeportiva.com\/index.php\/wp-json\/wp\/v2\/media\/10037"}],"wp:attachment":[{"href":"https:\/\/trayectoriadeportiva.com\/index.php\/wp-json\/wp\/v2\/media?parent=10036"}],"wp:term":[{"taxonomy":"category","embeddable":true,"href":"https:\/\/trayectoriadeportiva.com\/index.php\/wp-json\/wp\/v2\/categories?post=10036"},{"taxonomy":"post_tag","embeddable":true,"href":"https:\/\/trayectoriadeportiva.com\/index.php\/wp-json\/wp\/v2\/tags?post=10036"}],"curies":[{"name":"wp","href":"https:\/\/api.w.org\/{rel}","templated":true}]}}