{"id":1005,"date":"2023-10-07T18:38:47","date_gmt":"2023-10-07T18:38:47","guid":{"rendered":"https:\/\/trayectoriadeportiva.com\/index.php\/2023\/10\/07\/verstappen-ha-sido-un-ano-increible-es-un-orgullo-ser-tricampeon\/"},"modified":"2023-10-07T18:38:47","modified_gmt":"2023-10-07T18:38:47","slug":"verstappen-ha-sido-un-ano-increible-es-un-orgullo-ser-tricampeon","status":"publish","type":"post","link":"https:\/\/trayectoriadeportiva.com\/index.php\/2023\/10\/07\/verstappen-ha-sido-un-ano-increible-es-un-orgullo-ser-tricampeon\/","title":{"rendered":"Verstappen: \u201cHa sido un a\u00f1o incre\u00edble, es un orgullo ser tricampe\u00f3n\u201d"},"content":{"rendered":"<p>Max Verstappen solo necesitaba sumar tres puntos para <a href=\"https:\/\/www.lavanguardia.com\/deportes\/formula-1\/20231007\/9283859\/f1-formula-1-max-verstappen-gp-qatar-sprint-race-tricampeon-proclama-alonso.html\" title=\"Verstappen se corona tricampe\u00f3n del mundo de F1 por la v\u00eda r\u00e1pida\">certificar matem\u00e1ticamente el t\u00edtulo<\/a> que lo acreditaba como campe\u00f3n del mundo y el piloto de Red Bull no quiso esperar a la carrera del domingo. Cruz\u00f3 en segundo lugar en la carrera al Sprint y <a href=\"https:\/\/www.lavanguardia.com\/deportes\/formula-1\/20231007\/9283923\/f1-formula-1-gp-qatar-max-verstappen-tricampeon-supera-precocidad-senna-hamilton-schumacher-alonso.html\">sell\u00f3 su tercer t\u00edtulo de campe\u00f3n de F\u00f3rmula 1<\/a>. \u201cHa sido un a\u00f1o incre\u00edble, con muchas buenas carreras. Es un orgullo ser tricampe\u00f3n y estoy orgulloso del trabajo que hemos hecho, ha sido genial formar parte de este equipo\u201d, dijo un Verstappen plet\u00f3rico tras acabar la carrera.<\/p>\n<p><a href=\"https:\/\/www.lavanguardia.com\/deportes\/automovilismo\/20231007\/9284101\/verstappen-sido-ano-increible-orgullo-tricampeon.html\">Seguir leyendo&#8230;<\/a><\/p>","protected":false},"excerpt":{"rendered":"<p>Max Verstappen solo necesitaba sumar tres puntos para certificar matem\u00e1ticamente el t\u00edtulo que lo acreditaba como campe\u00f3n del mundo y el piloto de Red Bull no quiso esperar a la carrera del domingo. Cruz\u00f3 en segundo lugar en la carrera al Sprint y sell\u00f3 su tercer t\u00edtulo de campe\u00f3n de F\u00f3rmula 1. \u201cHa sido un [&hellip;]<\/p>\n","protected":false},"author":0,"featured_media":1006,"comment_status":"","ping_status":"","sticky":false,"template":"","format":"standard","meta":{"_et_pb_use_builder":"","_et_pb_old_content":"","_et_gb_content_width":"","footnotes":""},"categories":[1],"tags":[],"class_list":["post-1005","post","type-post","status-publish","format-standard","has-post-thumbnail","hentry","category-blog","et-has-post-format-content","et_post_format-et-post-format-standard"],"_links":{"self":[{"href":"https:\/\/trayectoriadeportiva.com\/index.php\/wp-json\/wp\/v2\/posts\/1005","targetHints":{"allow":["GET"]}}],"collection":[{"href":"https:\/\/trayectoriadeportiva.com\/index.php\/wp-json\/wp\/v2\/posts"}],"about":[{"href":"https:\/\/trayectoriadeportiva.com\/index.php\/wp-json\/wp\/v2\/types\/post"}],"replies":[{"embeddable":true,"href":"https:\/\/trayectoriadeportiva.com\/index.php\/wp-json\/wp\/v2\/comments?post=1005"}],"version-history":[{"count":0,"href":"https:\/\/trayectoriadeportiva.com\/index.php\/wp-json\/wp\/v2\/posts\/1005\/revisions"}],"wp:featuredmedia":[{"embeddable":true,"href":"https:\/\/trayectoriadeportiva.com\/index.php\/wp-json\/wp\/v2\/media\/1006"}],"wp:attachment":[{"href":"https:\/\/trayectoriadeportiva.com\/index.php\/wp-json\/wp\/v2\/media?parent=1005"}],"wp:term":[{"taxonomy":"category","embeddable":true,"href":"https:\/\/trayectoriadeportiva.com\/index.php\/wp-json\/wp\/v2\/categories?post=1005"},{"taxonomy":"post_tag","embeddable":true,"href":"https:\/\/trayectoriadeportiva.com\/index.php\/wp-json\/wp\/v2\/tags?post=1005"}],"curies":[{"name":"wp","href":"https:\/\/api.w.org\/{rel}","templated":true}]}}