{"id":10127,"date":"2024-04-10T21:05:47","date_gmt":"2024-04-10T21:05:47","guid":{"rendered":"https:\/\/trayectoriadeportiva.com\/index.php\/2024\/04\/10\/el-barca-revoluciona-paris-y-se-acerca-a-las-semifinales-de-la-champions\/"},"modified":"2024-04-10T21:05:47","modified_gmt":"2024-04-10T21:05:47","slug":"el-barca-revoluciona-paris-y-se-acerca-a-las-semifinales-de-la-champions","status":"publish","type":"post","link":"https:\/\/trayectoriadeportiva.com\/index.php\/2024\/04\/10\/el-barca-revoluciona-paris-y-se-acerca-a-las-semifinales-de-la-champions\/","title":{"rendered":"El Bar\u00e7a revoluciona Par\u00eds y se acerca a las semifinales de la Champions"},"content":{"rendered":"<p>El cordero, o eso dec\u00edan, se comi\u00f3 al lobo, o eso dec\u00edan. Un Bar\u00e7a que no pisaba los cuartos de final de la Champions desde hac\u00eda cuatro a\u00f1os, vapuleado cruelmente por Europa en sus \u00faltimas excursiones, se plant\u00f3 en Par\u00eds para proclamar un \u201caqu\u00ed estoy yo\u201d tan inesperado como emotivo. Regres\u00f3 el club blaugrana a la \u00e9lite tumbando la puerta del Parque de los Pr\u00edncipes, ratificando una revoluci\u00f3n en la ciudad que mejor las conoce, proclamando una candidatura que hace un par de meses sonaba a cachondeo. Prosigue el Bar\u00e7a de Xavi su inopinada mejora, esta vez en un escenario y ante un rival que no permite lecturas que aten\u00faen el \u00e9xito, contra un PSG dopado econ\u00f3micamente, con estrellas como Mbapp\u00e9 y un entrenador top. No hay enmiendas a la funci\u00f3n cul\u00e9. La afici\u00f3n parisina prepar\u00f3 una fiesta lujosa y un viejo invitado se la fastidi\u00f3. Falta un segundo episodio, claro est\u00e1. Montju\u00efc dictar\u00e1 sentencia el pr\u00f3ximo martes y el PSG puede tiene potencial para cualquier cosa. Pero la reconstrucci\u00f3n de la que habl\u00f3 Xavi con tozudez y a contracorriente, va tomando cuerpo. Europa vio a un Bar\u00e7a del que enorgullecerse. Un 2-3 en Par\u00eds llama mucho la atenci\u00f3n.<\/p>\n<p><a href=\"https:\/\/www.lavanguardia.com\/deportes\/20240410\/9592443\/barca-revoluciona-paris.html\">Seguir leyendo&#8230;<\/a><\/p>","protected":false},"excerpt":{"rendered":"<p>El cordero, o eso dec\u00edan, se comi\u00f3 al lobo, o eso dec\u00edan. Un Bar\u00e7a que no pisaba los cuartos de final de la Champions desde hac\u00eda cuatro a\u00f1os, vapuleado cruelmente por Europa en sus \u00faltimas excursiones, se plant\u00f3 en Par\u00eds para proclamar un \u201caqu\u00ed estoy yo\u201d tan inesperado como emotivo. Regres\u00f3 el club blaugrana a [&hellip;]<\/p>\n","protected":false},"author":0,"featured_media":10128,"comment_status":"","ping_status":"","sticky":false,"template":"","format":"standard","meta":{"_et_pb_use_builder":"","_et_pb_old_content":"","_et_gb_content_width":"","footnotes":""},"categories":[1],"tags":[],"class_list":["post-10127","post","type-post","status-publish","format-standard","has-post-thumbnail","hentry","category-blog","et-has-post-format-content","et_post_format-et-post-format-standard"],"_links":{"self":[{"href":"https:\/\/trayectoriadeportiva.com\/index.php\/wp-json\/wp\/v2\/posts\/10127","targetHints":{"allow":["GET"]}}],"collection":[{"href":"https:\/\/trayectoriadeportiva.com\/index.php\/wp-json\/wp\/v2\/posts"}],"about":[{"href":"https:\/\/trayectoriadeportiva.com\/index.php\/wp-json\/wp\/v2\/types\/post"}],"replies":[{"embeddable":true,"href":"https:\/\/trayectoriadeportiva.com\/index.php\/wp-json\/wp\/v2\/comments?post=10127"}],"version-history":[{"count":0,"href":"https:\/\/trayectoriadeportiva.com\/index.php\/wp-json\/wp\/v2\/posts\/10127\/revisions"}],"wp:featuredmedia":[{"embeddable":true,"href":"https:\/\/trayectoriadeportiva.com\/index.php\/wp-json\/wp\/v2\/media\/10128"}],"wp:attachment":[{"href":"https:\/\/trayectoriadeportiva.com\/index.php\/wp-json\/wp\/v2\/media?parent=10127"}],"wp:term":[{"taxonomy":"category","embeddable":true,"href":"https:\/\/trayectoriadeportiva.com\/index.php\/wp-json\/wp\/v2\/categories?post=10127"},{"taxonomy":"post_tag","embeddable":true,"href":"https:\/\/trayectoriadeportiva.com\/index.php\/wp-json\/wp\/v2\/tags?post=10127"}],"curies":[{"name":"wp","href":"https:\/\/api.w.org\/{rel}","templated":true}]}}