{"id":10197,"date":"2024-04-12T07:40:08","date_gmt":"2024-04-12T07:40:08","guid":{"rendered":"https:\/\/trayectoriadeportiva.com\/index.php\/2024\/04\/12\/karol-g-sera-la-protagonista-de-la-camiseta-del-barca-para-el-clasico\/"},"modified":"2024-04-12T07:40:08","modified_gmt":"2024-04-12T07:40:08","slug":"karol-g-sera-la-protagonista-de-la-camiseta-del-barca-para-el-clasico","status":"publish","type":"post","link":"https:\/\/trayectoriadeportiva.com\/index.php\/2024\/04\/12\/karol-g-sera-la-protagonista-de-la-camiseta-del-barca-para-el-clasico\/","title":{"rendered":"Karol G ser\u00e1 la protagonista de la camiseta del Bar\u00e7a para el cl\u00e1sico"},"content":{"rendered":"<p>El Real Madrid &#8211; Bar\u00e7a est\u00e1 a la vuelta de la esquina y, como cada cl\u00e1sico desde que Spotify es patrocinador principal, el club blaugrana lucir\u00e1 el logotipo de una estrella de la m\u00fasica en la camiseta. En esta ocasi\u00f3n la elegida es la colombiana Karol G, la cantante latina con m\u00e1s reproducciones durante los cuatro \u00faltimos a\u00f1os en la plataforma musical.<\/p>\n<p><a href=\"https:\/\/www.lavanguardia.com\/deportes\/fc-barcelona\/20240412\/9593574\/karol-g-sera-protagonista-camiseta-barca-clasico.html\">Seguir leyendo&#8230;<\/a><\/p>","protected":false},"excerpt":{"rendered":"<p>El Real Madrid &#8211; Bar\u00e7a est\u00e1 a la vuelta de la esquina y, como cada cl\u00e1sico desde que Spotify es patrocinador principal, el club blaugrana lucir\u00e1 el logotipo de una estrella de la m\u00fasica en la camiseta. En esta ocasi\u00f3n la elegida es la colombiana Karol G, la cantante latina con m\u00e1s reproducciones durante los [&hellip;]<\/p>\n","protected":false},"author":0,"featured_media":10198,"comment_status":"","ping_status":"","sticky":false,"template":"","format":"standard","meta":{"_et_pb_use_builder":"","_et_pb_old_content":"","_et_gb_content_width":"","footnotes":""},"categories":[1],"tags":[],"class_list":["post-10197","post","type-post","status-publish","format-standard","has-post-thumbnail","hentry","category-blog","et-has-post-format-content","et_post_format-et-post-format-standard"],"_links":{"self":[{"href":"https:\/\/trayectoriadeportiva.com\/index.php\/wp-json\/wp\/v2\/posts\/10197","targetHints":{"allow":["GET"]}}],"collection":[{"href":"https:\/\/trayectoriadeportiva.com\/index.php\/wp-json\/wp\/v2\/posts"}],"about":[{"href":"https:\/\/trayectoriadeportiva.com\/index.php\/wp-json\/wp\/v2\/types\/post"}],"replies":[{"embeddable":true,"href":"https:\/\/trayectoriadeportiva.com\/index.php\/wp-json\/wp\/v2\/comments?post=10197"}],"version-history":[{"count":0,"href":"https:\/\/trayectoriadeportiva.com\/index.php\/wp-json\/wp\/v2\/posts\/10197\/revisions"}],"wp:featuredmedia":[{"embeddable":true,"href":"https:\/\/trayectoriadeportiva.com\/index.php\/wp-json\/wp\/v2\/media\/10198"}],"wp:attachment":[{"href":"https:\/\/trayectoriadeportiva.com\/index.php\/wp-json\/wp\/v2\/media?parent=10197"}],"wp:term":[{"taxonomy":"category","embeddable":true,"href":"https:\/\/trayectoriadeportiva.com\/index.php\/wp-json\/wp\/v2\/categories?post=10197"},{"taxonomy":"post_tag","embeddable":true,"href":"https:\/\/trayectoriadeportiva.com\/index.php\/wp-json\/wp\/v2\/tags?post=10197"}],"curies":[{"name":"wp","href":"https:\/\/api.w.org\/{rel}","templated":true}]}}