{"id":10279,"date":"2024-04-13T14:09:26","date_gmt":"2024-04-13T14:09:26","guid":{"rendered":"https:\/\/trayectoriadeportiva.com\/index.php\/2024\/04\/13\/el-girona-paga-caro-sus-errores-frente-al-atletico\/"},"modified":"2024-04-13T14:09:26","modified_gmt":"2024-04-13T14:09:26","slug":"el-girona-paga-caro-sus-errores-frente-al-atletico","status":"publish","type":"post","link":"https:\/\/trayectoriadeportiva.com\/index.php\/2024\/04\/13\/el-girona-paga-caro-sus-errores-frente-al-atletico\/","title":{"rendered":"El Girona paga caro sus errores frente al Atl\u00e9tico"},"content":{"rendered":"<p>Dise\u00f1a, construye y transita autopistas imaginarias a velocidad de v\u00e9rtigo. Savio Moreira, \u2018Savinho\u2019, es un artista, un arquitecto y un velocista a la vez. Una bendici\u00f3n para el Girona. Una alegr\u00eda para el f\u00fatbol. El C\u00edvitas Metropolitano fue el escenario de una nueva exhibici\u00f3n de este joven extremo, efectivo y efectista, cuya  fantas\u00eda no alcanz\u00f3 para que el Girona lograse algo positivo frente al Atl\u00e9tico de Madrid. Errores defensivos propios muy graves metieron a los colchoneros en el partido cuando lo ten\u00edan controlado los de M\u00edchel y por quinto partido seguido perdieron fuera de casa. La clasificaci\u00f3n para la Champions es todav\u00eda muy factible, aventajan en cuatro puntos a su rival de ayer y en 9 al Athletic (que juega hoy), pero no llegar\u00e1 sin sufrimiento. [<a href=\"https:\/\/www.lavanguardia.com\/deportes\/resultados\/laliga-primera-division\/clasificacion\">Consulta la clasificaci\u00f3n de la Liga<\/a>].<\/p>\n<p><a href=\"https:\/\/www.lavanguardia.com\/deportes\/futbol\/20240413\/9594512\/resumen-atletico-de-madrid-girona.html\">Seguir leyendo&#8230;<\/a><\/p>","protected":false},"excerpt":{"rendered":"<p>Dise\u00f1a, construye y transita autopistas imaginarias a velocidad de v\u00e9rtigo. Savio Moreira, \u2018Savinho\u2019, es un artista, un arquitecto y un velocista a la vez. Una bendici\u00f3n para el Girona. Una alegr\u00eda para el f\u00fatbol. El C\u00edvitas Metropolitano fue el escenario de una nueva exhibici\u00f3n de este joven extremo, efectivo y efectista, cuya fantas\u00eda no alcanz\u00f3 [&hellip;]<\/p>\n","protected":false},"author":0,"featured_media":10280,"comment_status":"","ping_status":"","sticky":false,"template":"","format":"standard","meta":{"_et_pb_use_builder":"","_et_pb_old_content":"","_et_gb_content_width":"","footnotes":""},"categories":[1],"tags":[],"class_list":["post-10279","post","type-post","status-publish","format-standard","has-post-thumbnail","hentry","category-blog","et-has-post-format-content","et_post_format-et-post-format-standard"],"_links":{"self":[{"href":"https:\/\/trayectoriadeportiva.com\/index.php\/wp-json\/wp\/v2\/posts\/10279","targetHints":{"allow":["GET"]}}],"collection":[{"href":"https:\/\/trayectoriadeportiva.com\/index.php\/wp-json\/wp\/v2\/posts"}],"about":[{"href":"https:\/\/trayectoriadeportiva.com\/index.php\/wp-json\/wp\/v2\/types\/post"}],"replies":[{"embeddable":true,"href":"https:\/\/trayectoriadeportiva.com\/index.php\/wp-json\/wp\/v2\/comments?post=10279"}],"version-history":[{"count":0,"href":"https:\/\/trayectoriadeportiva.com\/index.php\/wp-json\/wp\/v2\/posts\/10279\/revisions"}],"wp:featuredmedia":[{"embeddable":true,"href":"https:\/\/trayectoriadeportiva.com\/index.php\/wp-json\/wp\/v2\/media\/10280"}],"wp:attachment":[{"href":"https:\/\/trayectoriadeportiva.com\/index.php\/wp-json\/wp\/v2\/media?parent=10279"}],"wp:term":[{"taxonomy":"category","embeddable":true,"href":"https:\/\/trayectoriadeportiva.com\/index.php\/wp-json\/wp\/v2\/categories?post=10279"},{"taxonomy":"post_tag","embeddable":true,"href":"https:\/\/trayectoriadeportiva.com\/index.php\/wp-json\/wp\/v2\/tags?post=10279"}],"curies":[{"name":"wp","href":"https:\/\/api.w.org\/{rel}","templated":true}]}}