{"id":10488,"date":"2024-04-16T16:02:15","date_gmt":"2024-04-16T16:02:15","guid":{"rendered":"https:\/\/trayectoriadeportiva.com\/index.php\/2024\/04\/16\/doce-dias-despues-de-la-caida-vingegaard-sale-del-hospital-de-vitoria\/"},"modified":"2024-04-16T16:02:15","modified_gmt":"2024-04-16T16:02:15","slug":"doce-dias-despues-de-la-caida-vingegaard-sale-del-hospital-de-vitoria","status":"publish","type":"post","link":"https:\/\/trayectoriadeportiva.com\/index.php\/2024\/04\/16\/doce-dias-despues-de-la-caida-vingegaard-sale-del-hospital-de-vitoria\/","title":{"rendered":"Doce d\u00edas despu\u00e9s de la ca\u00edda, Vingegaard sale del hospital de Vitoria"},"content":{"rendered":"<p>Este jueves se cumpl\u00edan dos semanas de la fatalidad. El tiempo siempre es enemigo de los ciclistas. Pero en este caso a\u00fan m\u00e1s. Pues se trataba de Jonas Vingegaard, el ganador de los dos \u00faltimos Tours de Francia. A\u00fan segu\u00eda en el hospital de Txagorritxu, en Vitoria, donde fue operado. Un neumot\u00f3rax detectado con motivo de <a href=\"https:\/\/www.lavanguardia.com\/deportes\/ciclismo\/20240404\/9588009\/durisimo-accidente-vingegaard-roglic-evenepoel.html\">la dura ca\u00edda<\/a> desaconsejaba su traslado. Hasta que este martes, 12 d\u00edas despu\u00e9s del accidente, el dan\u00e9s abandon\u00f3 por su propio pie el hospital.<\/p>\n<p><a href=\"https:\/\/www.lavanguardia.com\/deportes\/ciclismo\/20240416\/9596638\/doce-dias-caida-vingegaard-sale-hospital-vitoria.html\">Seguir leyendo&#8230;<\/a><\/p>","protected":false},"excerpt":{"rendered":"<p>Este jueves se cumpl\u00edan dos semanas de la fatalidad. El tiempo siempre es enemigo de los ciclistas. Pero en este caso a\u00fan m\u00e1s. Pues se trataba de Jonas Vingegaard, el ganador de los dos \u00faltimos Tours de Francia. A\u00fan segu\u00eda en el hospital de Txagorritxu, en Vitoria, donde fue operado. Un neumot\u00f3rax detectado con motivo [&hellip;]<\/p>\n","protected":false},"author":0,"featured_media":10489,"comment_status":"","ping_status":"","sticky":false,"template":"","format":"standard","meta":{"_et_pb_use_builder":"","_et_pb_old_content":"","_et_gb_content_width":"","footnotes":""},"categories":[1],"tags":[],"class_list":["post-10488","post","type-post","status-publish","format-standard","has-post-thumbnail","hentry","category-blog","et-has-post-format-content","et_post_format-et-post-format-standard"],"_links":{"self":[{"href":"https:\/\/trayectoriadeportiva.com\/index.php\/wp-json\/wp\/v2\/posts\/10488","targetHints":{"allow":["GET"]}}],"collection":[{"href":"https:\/\/trayectoriadeportiva.com\/index.php\/wp-json\/wp\/v2\/posts"}],"about":[{"href":"https:\/\/trayectoriadeportiva.com\/index.php\/wp-json\/wp\/v2\/types\/post"}],"replies":[{"embeddable":true,"href":"https:\/\/trayectoriadeportiva.com\/index.php\/wp-json\/wp\/v2\/comments?post=10488"}],"version-history":[{"count":0,"href":"https:\/\/trayectoriadeportiva.com\/index.php\/wp-json\/wp\/v2\/posts\/10488\/revisions"}],"wp:featuredmedia":[{"embeddable":true,"href":"https:\/\/trayectoriadeportiva.com\/index.php\/wp-json\/wp\/v2\/media\/10489"}],"wp:attachment":[{"href":"https:\/\/trayectoriadeportiva.com\/index.php\/wp-json\/wp\/v2\/media?parent=10488"}],"wp:term":[{"taxonomy":"category","embeddable":true,"href":"https:\/\/trayectoriadeportiva.com\/index.php\/wp-json\/wp\/v2\/categories?post=10488"},{"taxonomy":"post_tag","embeddable":true,"href":"https:\/\/trayectoriadeportiva.com\/index.php\/wp-json\/wp\/v2\/tags?post=10488"}],"curies":[{"name":"wp","href":"https:\/\/api.w.org\/{rel}","templated":true}]}}