{"id":10735,"date":"2024-04-20T16:43:19","date_gmt":"2024-04-20T16:43:19","guid":{"rendered":"https:\/\/trayectoriadeportiva.com\/index.php\/2024\/04\/20\/ruud-y-tsitsipas-la-final-del-godo-dia-y-noche\/"},"modified":"2024-04-20T16:43:19","modified_gmt":"2024-04-20T16:43:19","slug":"ruud-y-tsitsipas-la-final-del-godo-dia-y-noche","status":"publish","type":"post","link":"https:\/\/trayectoriadeportiva.com\/index.php\/2024\/04\/20\/ruud-y-tsitsipas-la-final-del-godo-dia-y-noche\/","title":{"rendered":"Ruud y Tsitsip\u00e1s, la final del God\u00f3, d\u00eda y noche"},"content":{"rendered":"<p>A mediod\u00eda, la pista es un horno. M\u00f3viles y ordenadores se recalientan. El auditorio se cubre la cabeza. A pie de pista, los fot\u00f3grafos sudan.<\/p>\n<p><a href=\"https:\/\/www.lavanguardia.com\/deportes\/tenis\/20240420\/9599679\/tsitsipas-ruud-godo-final.html\">Seguir leyendo&#8230;<\/a><\/p>","protected":false},"excerpt":{"rendered":"<p>A mediod\u00eda, la pista es un horno. M\u00f3viles y ordenadores se recalientan. El auditorio se cubre la cabeza. A pie de pista, los fot\u00f3grafos sudan. Seguir leyendo&#8230;<\/p>\n","protected":false},"author":0,"featured_media":10736,"comment_status":"","ping_status":"","sticky":false,"template":"","format":"standard","meta":{"_et_pb_use_builder":"","_et_pb_old_content":"","_et_gb_content_width":"","footnotes":""},"categories":[1],"tags":[],"class_list":["post-10735","post","type-post","status-publish","format-standard","has-post-thumbnail","hentry","category-blog","et-has-post-format-content","et_post_format-et-post-format-standard"],"_links":{"self":[{"href":"https:\/\/trayectoriadeportiva.com\/index.php\/wp-json\/wp\/v2\/posts\/10735","targetHints":{"allow":["GET"]}}],"collection":[{"href":"https:\/\/trayectoriadeportiva.com\/index.php\/wp-json\/wp\/v2\/posts"}],"about":[{"href":"https:\/\/trayectoriadeportiva.com\/index.php\/wp-json\/wp\/v2\/types\/post"}],"replies":[{"embeddable":true,"href":"https:\/\/trayectoriadeportiva.com\/index.php\/wp-json\/wp\/v2\/comments?post=10735"}],"version-history":[{"count":0,"href":"https:\/\/trayectoriadeportiva.com\/index.php\/wp-json\/wp\/v2\/posts\/10735\/revisions"}],"wp:featuredmedia":[{"embeddable":true,"href":"https:\/\/trayectoriadeportiva.com\/index.php\/wp-json\/wp\/v2\/media\/10736"}],"wp:attachment":[{"href":"https:\/\/trayectoriadeportiva.com\/index.php\/wp-json\/wp\/v2\/media?parent=10735"}],"wp:term":[{"taxonomy":"category","embeddable":true,"href":"https:\/\/trayectoriadeportiva.com\/index.php\/wp-json\/wp\/v2\/categories?post=10735"},{"taxonomy":"post_tag","embeddable":true,"href":"https:\/\/trayectoriadeportiva.com\/index.php\/wp-json\/wp\/v2\/tags?post=10735"}],"curies":[{"name":"wp","href":"https:\/\/api.w.org\/{rel}","templated":true}]}}