{"id":10991,"date":"2024-04-25T11:33:47","date_gmt":"2024-04-25T11:33:47","guid":{"rendered":"https:\/\/trayectoriadeportiva.com\/index.php\/2024\/04\/25\/rueda-de-prensa-de-xavi-hernandez-y-joan-laporta-en-directo-ultima-hora-del-barcelona\/"},"modified":"2024-04-25T11:33:47","modified_gmt":"2024-04-25T11:33:47","slug":"rueda-de-prensa-de-xavi-hernandez-y-joan-laporta-en-directo-ultima-hora-del-barcelona","status":"publish","type":"post","link":"https:\/\/trayectoriadeportiva.com\/index.php\/2024\/04\/25\/rueda-de-prensa-de-xavi-hernandez-y-joan-laporta-en-directo-ultima-hora-del-barcelona\/","title":{"rendered":"Rueda de prensa de Xavi Hern\u00e1ndez y Joan Laporta, en directo | \u00daltima hora del Barcelona"},"content":{"rendered":"<p>Sigue la cobertura en directo de la rueda de prensa de Joan Laporta y Xavi Hern\u00e1ndez donde se anunciar\u00e1 la continuidad del t\u00e9cnico blaugrana<\/p>","protected":false},"excerpt":{"rendered":"<p>Sigue la cobertura en directo de la rueda de prensa de Joan Laporta y Xavi Hern\u00e1ndez donde se anunciar\u00e1 la continuidad del t\u00e9cnico blaugrana<\/p>\n","protected":false},"author":0,"featured_media":10992,"comment_status":"","ping_status":"","sticky":false,"template":"","format":"standard","meta":{"_et_pb_use_builder":"","_et_pb_old_content":"","_et_gb_content_width":"","footnotes":""},"categories":[1],"tags":[],"class_list":["post-10991","post","type-post","status-publish","format-standard","has-post-thumbnail","hentry","category-blog","et-has-post-format-content","et_post_format-et-post-format-standard"],"_links":{"self":[{"href":"https:\/\/trayectoriadeportiva.com\/index.php\/wp-json\/wp\/v2\/posts\/10991","targetHints":{"allow":["GET"]}}],"collection":[{"href":"https:\/\/trayectoriadeportiva.com\/index.php\/wp-json\/wp\/v2\/posts"}],"about":[{"href":"https:\/\/trayectoriadeportiva.com\/index.php\/wp-json\/wp\/v2\/types\/post"}],"replies":[{"embeddable":true,"href":"https:\/\/trayectoriadeportiva.com\/index.php\/wp-json\/wp\/v2\/comments?post=10991"}],"version-history":[{"count":0,"href":"https:\/\/trayectoriadeportiva.com\/index.php\/wp-json\/wp\/v2\/posts\/10991\/revisions"}],"wp:featuredmedia":[{"embeddable":true,"href":"https:\/\/trayectoriadeportiva.com\/index.php\/wp-json\/wp\/v2\/media\/10992"}],"wp:attachment":[{"href":"https:\/\/trayectoriadeportiva.com\/index.php\/wp-json\/wp\/v2\/media?parent=10991"}],"wp:term":[{"taxonomy":"category","embeddable":true,"href":"https:\/\/trayectoriadeportiva.com\/index.php\/wp-json\/wp\/v2\/categories?post=10991"},{"taxonomy":"post_tag","embeddable":true,"href":"https:\/\/trayectoriadeportiva.com\/index.php\/wp-json\/wp\/v2\/tags?post=10991"}],"curies":[{"name":"wp","href":"https:\/\/api.w.org\/{rel}","templated":true}]}}