{"id":11038,"date":"2024-04-26T13:45:44","date_gmt":"2024-04-26T13:45:44","guid":{"rendered":"https:\/\/trayectoriadeportiva.com\/index.php\/2024\/04\/26\/hulkenberg-primer-fichaje-de-audi-en-su-nueva-aventura-en-la-formula-1\/"},"modified":"2024-04-26T13:45:44","modified_gmt":"2024-04-26T13:45:44","slug":"hulkenberg-primer-fichaje-de-audi-en-su-nueva-aventura-en-la-formula-1","status":"publish","type":"post","link":"https:\/\/trayectoriadeportiva.com\/index.php\/2024\/04\/26\/hulkenberg-primer-fichaje-de-audi-en-su-nueva-aventura-en-la-formula-1\/","title":{"rendered":"H\u00fclkenberg, primer fichaje de Audi en su nueva aventura en la F\u00f3rmula 1"},"content":{"rendered":"<p>Nico H\u00fclkenberg es el primer fichaje de Audi para su nueva aventura en la F\u00f3rmula 1, que se iniciar\u00e1 en el 2026. El piloto alem\u00e1n, que ha firmado un contrato plurianual, pasar\u00e1 un a\u00f1o de transici\u00f3n en Sauber, en el 2025, antes de que la marca alemana desembarque en el &#8216;Gran Circo&#8217;.<\/p>\n<p><a href=\"https:\/\/www.lavanguardia.com\/deportes\/formula-1\/20240426\/9604082\/huelkenberg-primer-fichaje-audi-nueva-aventura-formula-1-carlos-sainz-hamilton-sauber-haas-f1-alonso.html\">Seguir leyendo&#8230;<\/a><\/p>","protected":false},"excerpt":{"rendered":"<p>Nico H\u00fclkenberg es el primer fichaje de Audi para su nueva aventura en la F\u00f3rmula 1, que se iniciar\u00e1 en el 2026. El piloto alem\u00e1n, que ha firmado un contrato plurianual, pasar\u00e1 un a\u00f1o de transici\u00f3n en Sauber, en el 2025, antes de que la marca alemana desembarque en el &#8216;Gran Circo&#8217;. Seguir leyendo&#8230;<\/p>\n","protected":false},"author":0,"featured_media":11039,"comment_status":"","ping_status":"","sticky":false,"template":"","format":"standard","meta":{"_et_pb_use_builder":"","_et_pb_old_content":"","_et_gb_content_width":"","footnotes":""},"categories":[1],"tags":[],"class_list":["post-11038","post","type-post","status-publish","format-standard","has-post-thumbnail","hentry","category-blog","et-has-post-format-content","et_post_format-et-post-format-standard"],"_links":{"self":[{"href":"https:\/\/trayectoriadeportiva.com\/index.php\/wp-json\/wp\/v2\/posts\/11038","targetHints":{"allow":["GET"]}}],"collection":[{"href":"https:\/\/trayectoriadeportiva.com\/index.php\/wp-json\/wp\/v2\/posts"}],"about":[{"href":"https:\/\/trayectoriadeportiva.com\/index.php\/wp-json\/wp\/v2\/types\/post"}],"replies":[{"embeddable":true,"href":"https:\/\/trayectoriadeportiva.com\/index.php\/wp-json\/wp\/v2\/comments?post=11038"}],"version-history":[{"count":0,"href":"https:\/\/trayectoriadeportiva.com\/index.php\/wp-json\/wp\/v2\/posts\/11038\/revisions"}],"wp:featuredmedia":[{"embeddable":true,"href":"https:\/\/trayectoriadeportiva.com\/index.php\/wp-json\/wp\/v2\/media\/11039"}],"wp:attachment":[{"href":"https:\/\/trayectoriadeportiva.com\/index.php\/wp-json\/wp\/v2\/media?parent=11038"}],"wp:term":[{"taxonomy":"category","embeddable":true,"href":"https:\/\/trayectoriadeportiva.com\/index.php\/wp-json\/wp\/v2\/categories?post=11038"},{"taxonomy":"post_tag","embeddable":true,"href":"https:\/\/trayectoriadeportiva.com\/index.php\/wp-json\/wp\/v2\/tags?post=11038"}],"curies":[{"name":"wp","href":"https:\/\/api.w.org\/{rel}","templated":true}]}}