{"id":11064,"date":"2024-04-27T05:30:53","date_gmt":"2024-04-27T05:30:53","guid":{"rendered":"https:\/\/trayectoriadeportiva.com\/index.php\/2024\/04\/27\/el-espanyol-reaccion-o-resignacion-en-elche\/"},"modified":"2024-04-27T05:30:53","modified_gmt":"2024-04-27T05:30:53","slug":"el-espanyol-reaccion-o-resignacion-en-elche","status":"publish","type":"post","link":"https:\/\/trayectoriadeportiva.com\/index.php\/2024\/04\/27\/el-espanyol-reaccion-o-resignacion-en-elche\/","title":{"rendered":"El Espanyol, reacci\u00f3n o resignaci\u00f3n en Elche"},"content":{"rendered":"<p>Cuatro empates y dos victorias. El balance de Manolo Gonz\u00e1lez en el banquillo del Espanyol es por el momento insuficiente. Lo dice la clasificaci\u00f3n, en la que el equipo perico es ahora cuarto. El momento m\u00e1s importante de la temporada ha llegado y el Espanyol no parece tenerle tomada la medida a la categor\u00eda. La mejor\u00eda en defensa contrasta con una preocupante inoperancia en ataque. Y as\u00ed, ganar es casi imposible.<\/p>\n<p><a href=\"https:\/\/www.lavanguardia.com\/deportes\/rcde-espanyol\/20240427\/9604320\/espanyol-elche-previa-futbol.html\">Seguir leyendo&#8230;<\/a><\/p>","protected":false},"excerpt":{"rendered":"<p>Cuatro empates y dos victorias. El balance de Manolo Gonz\u00e1lez en el banquillo del Espanyol es por el momento insuficiente. Lo dice la clasificaci\u00f3n, en la que el equipo perico es ahora cuarto. El momento m\u00e1s importante de la temporada ha llegado y el Espanyol no parece tenerle tomada la medida a la categor\u00eda. La [&hellip;]<\/p>\n","protected":false},"author":0,"featured_media":11065,"comment_status":"","ping_status":"","sticky":false,"template":"","format":"standard","meta":{"_et_pb_use_builder":"","_et_pb_old_content":"","_et_gb_content_width":"","footnotes":""},"categories":[1],"tags":[],"class_list":["post-11064","post","type-post","status-publish","format-standard","has-post-thumbnail","hentry","category-blog","et-has-post-format-content","et_post_format-et-post-format-standard"],"_links":{"self":[{"href":"https:\/\/trayectoriadeportiva.com\/index.php\/wp-json\/wp\/v2\/posts\/11064","targetHints":{"allow":["GET"]}}],"collection":[{"href":"https:\/\/trayectoriadeportiva.com\/index.php\/wp-json\/wp\/v2\/posts"}],"about":[{"href":"https:\/\/trayectoriadeportiva.com\/index.php\/wp-json\/wp\/v2\/types\/post"}],"replies":[{"embeddable":true,"href":"https:\/\/trayectoriadeportiva.com\/index.php\/wp-json\/wp\/v2\/comments?post=11064"}],"version-history":[{"count":0,"href":"https:\/\/trayectoriadeportiva.com\/index.php\/wp-json\/wp\/v2\/posts\/11064\/revisions"}],"wp:featuredmedia":[{"embeddable":true,"href":"https:\/\/trayectoriadeportiva.com\/index.php\/wp-json\/wp\/v2\/media\/11065"}],"wp:attachment":[{"href":"https:\/\/trayectoriadeportiva.com\/index.php\/wp-json\/wp\/v2\/media?parent=11064"}],"wp:term":[{"taxonomy":"category","embeddable":true,"href":"https:\/\/trayectoriadeportiva.com\/index.php\/wp-json\/wp\/v2\/categories?post=11064"},{"taxonomy":"post_tag","embeddable":true,"href":"https:\/\/trayectoriadeportiva.com\/index.php\/wp-json\/wp\/v2\/tags?post=11064"}],"curies":[{"name":"wp","href":"https:\/\/api.w.org\/{rel}","templated":true}]}}