{"id":11198,"date":"2024-04-28T15:27:10","date_gmt":"2024-04-28T15:27:10","guid":{"rendered":"https:\/\/trayectoriadeportiva.com\/index.php\/2024\/04\/28\/alcaraz-ya-coge-temperatura-en-madrid\/"},"modified":"2024-04-28T15:27:10","modified_gmt":"2024-04-28T15:27:10","slug":"alcaraz-ya-coge-temperatura-en-madrid","status":"publish","type":"post","link":"https:\/\/trayectoriadeportiva.com\/index.php\/2024\/04\/28\/alcaraz-ya-coge-temperatura-en-madrid\/","title":{"rendered":"Alcaraz ya coge temperatura en Madrid"},"content":{"rendered":"<p>Carlos Alcaraz miraba a su entrenador, Juan Carlos Ferrero. En su mirada unas ciertas dudas y b\u00fasqueda de respuestas. Estas le llegaron r\u00e1pido. Muy r\u00e1pido. De menos a m\u00e1s el murciano dio buena cuenta del brasile\u00f1o Thiago Seyboth Wild (6-3, 6-3) y se plant\u00f3 con comodidad en los octavos de final del Masters 1.000 de Madrid. Consigui\u00f3 tres objetivos. El primero, vencer. El segundo, coger temperatura. Y el tercero, no desgastarse en exceso (1 hora, 15 minutos), pese a dormirse cuando solo le quedaba sellar el triunfo. Ahora, en la siguiente ronda se medir\u00e1 este martes con el alem\u00e1n Jan-Lennard Struff.<\/p>\n<p><a href=\"https:\/\/www.lavanguardia.com\/deportes\/20240428\/9605429\/alcaraz-coge-temperatura-madrid.html\">Seguir leyendo&#8230;<\/a><\/p>","protected":false},"excerpt":{"rendered":"<p>Carlos Alcaraz miraba a su entrenador, Juan Carlos Ferrero. En su mirada unas ciertas dudas y b\u00fasqueda de respuestas. Estas le llegaron r\u00e1pido. Muy r\u00e1pido. De menos a m\u00e1s el murciano dio buena cuenta del brasile\u00f1o Thiago Seyboth Wild (6-3, 6-3) y se plant\u00f3 con comodidad en los octavos de final del Masters 1.000 de [&hellip;]<\/p>\n","protected":false},"author":0,"featured_media":11199,"comment_status":"","ping_status":"","sticky":false,"template":"","format":"standard","meta":{"_et_pb_use_builder":"","_et_pb_old_content":"","_et_gb_content_width":"","footnotes":""},"categories":[1],"tags":[],"class_list":["post-11198","post","type-post","status-publish","format-standard","has-post-thumbnail","hentry","category-blog","et-has-post-format-content","et_post_format-et-post-format-standard"],"_links":{"self":[{"href":"https:\/\/trayectoriadeportiva.com\/index.php\/wp-json\/wp\/v2\/posts\/11198","targetHints":{"allow":["GET"]}}],"collection":[{"href":"https:\/\/trayectoriadeportiva.com\/index.php\/wp-json\/wp\/v2\/posts"}],"about":[{"href":"https:\/\/trayectoriadeportiva.com\/index.php\/wp-json\/wp\/v2\/types\/post"}],"replies":[{"embeddable":true,"href":"https:\/\/trayectoriadeportiva.com\/index.php\/wp-json\/wp\/v2\/comments?post=11198"}],"version-history":[{"count":0,"href":"https:\/\/trayectoriadeportiva.com\/index.php\/wp-json\/wp\/v2\/posts\/11198\/revisions"}],"wp:featuredmedia":[{"embeddable":true,"href":"https:\/\/trayectoriadeportiva.com\/index.php\/wp-json\/wp\/v2\/media\/11199"}],"wp:attachment":[{"href":"https:\/\/trayectoriadeportiva.com\/index.php\/wp-json\/wp\/v2\/media?parent=11198"}],"wp:term":[{"taxonomy":"category","embeddable":true,"href":"https:\/\/trayectoriadeportiva.com\/index.php\/wp-json\/wp\/v2\/categories?post=11198"},{"taxonomy":"post_tag","embeddable":true,"href":"https:\/\/trayectoriadeportiva.com\/index.php\/wp-json\/wp\/v2\/tags?post=11198"}],"curies":[{"name":"wp","href":"https:\/\/api.w.org\/{rel}","templated":true}]}}