{"id":11208,"date":"2024-04-28T17:28:46","date_gmt":"2024-04-28T17:28:46","guid":{"rendered":"https:\/\/trayectoriadeportiva.com\/index.php\/2024\/04\/28\/el-lyon-se-cita-con-el-barca-en-bilbao-en-la-final-en-mayusculas\/"},"modified":"2024-04-28T17:28:46","modified_gmt":"2024-04-28T17:28:46","slug":"el-lyon-se-cita-con-el-barca-en-bilbao-en-la-final-en-mayusculas","status":"publish","type":"post","link":"https:\/\/trayectoriadeportiva.com\/index.php\/2024\/04\/28\/el-lyon-se-cita-con-el-barca-en-bilbao-en-la-final-en-mayusculas\/","title":{"rendered":"El Lyon se cita con el Bar\u00e7a en Bilbao en la final en may\u00fasculas"},"content":{"rendered":"<p>La de San Mam\u00e9s ser\u00e1 la final en may\u00fasculas de la Champions femenina. El Barcelona se enfrentar\u00e1 en la Catedral con el Olympique de Lyon. Hay que remontarse a 2015 para encontrar un campe\u00f3n diferente a estos dos clubs. Las lionesas no dejaron ni un m\u00ednimo resquicio a la remontada del PSG en el Parque de los Pr\u00edncipes (1-2) y se clasificaron para su und\u00e9cima final. Las campeonas francesas, que no pierden una final europea desde 2013, aspiran a su noveno entorchado.<\/p>\n<p><a href=\"https:\/\/www.lavanguardia.com\/deportes\/futbol-femenino\/20240428\/9605456\/lyon-cita-barca-final-champions-bilbao.html\">Seguir leyendo&#8230;<\/a><\/p>","protected":false},"excerpt":{"rendered":"<p>La de San Mam\u00e9s ser\u00e1 la final en may\u00fasculas de la Champions femenina. El Barcelona se enfrentar\u00e1 en la Catedral con el Olympique de Lyon. Hay que remontarse a 2015 para encontrar un campe\u00f3n diferente a estos dos clubs. Las lionesas no dejaron ni un m\u00ednimo resquicio a la remontada del PSG en el Parque [&hellip;]<\/p>\n","protected":false},"author":0,"featured_media":11209,"comment_status":"","ping_status":"","sticky":false,"template":"","format":"standard","meta":{"_et_pb_use_builder":"","_et_pb_old_content":"","_et_gb_content_width":"","footnotes":""},"categories":[1],"tags":[],"class_list":["post-11208","post","type-post","status-publish","format-standard","has-post-thumbnail","hentry","category-blog","et-has-post-format-content","et_post_format-et-post-format-standard"],"_links":{"self":[{"href":"https:\/\/trayectoriadeportiva.com\/index.php\/wp-json\/wp\/v2\/posts\/11208","targetHints":{"allow":["GET"]}}],"collection":[{"href":"https:\/\/trayectoriadeportiva.com\/index.php\/wp-json\/wp\/v2\/posts"}],"about":[{"href":"https:\/\/trayectoriadeportiva.com\/index.php\/wp-json\/wp\/v2\/types\/post"}],"replies":[{"embeddable":true,"href":"https:\/\/trayectoriadeportiva.com\/index.php\/wp-json\/wp\/v2\/comments?post=11208"}],"version-history":[{"count":0,"href":"https:\/\/trayectoriadeportiva.com\/index.php\/wp-json\/wp\/v2\/posts\/11208\/revisions"}],"wp:featuredmedia":[{"embeddable":true,"href":"https:\/\/trayectoriadeportiva.com\/index.php\/wp-json\/wp\/v2\/media\/11209"}],"wp:attachment":[{"href":"https:\/\/trayectoriadeportiva.com\/index.php\/wp-json\/wp\/v2\/media?parent=11208"}],"wp:term":[{"taxonomy":"category","embeddable":true,"href":"https:\/\/trayectoriadeportiva.com\/index.php\/wp-json\/wp\/v2\/categories?post=11208"},{"taxonomy":"post_tag","embeddable":true,"href":"https:\/\/trayectoriadeportiva.com\/index.php\/wp-json\/wp\/v2\/tags?post=11208"}],"curies":[{"name":"wp","href":"https:\/\/api.w.org\/{rel}","templated":true}]}}