{"id":11646,"date":"2024-05-06T11:25:37","date_gmt":"2024-05-06T11:25:37","guid":{"rendered":"https:\/\/trayectoriadeportiva.com\/index.php\/2024\/05\/06\/michel-la-champions-se-tiene-que-jugar-en-montilivi\/"},"modified":"2024-05-06T11:25:37","modified_gmt":"2024-05-06T11:25:37","slug":"michel-la-champions-se-tiene-que-jugar-en-montilivi","status":"publish","type":"post","link":"https:\/\/trayectoriadeportiva.com\/index.php\/2024\/05\/06\/michel-la-champions-se-tiene-que-jugar-en-montilivi\/","title":{"rendered":"M\u00edchel: \u201cLa Champions se tiene que jugar en Montilivi\u201d"},"content":{"rendered":"<p>M\u00edchel S\u00e1nchez es uno de los entrenadores de la temporada en el f\u00fatbol mundial. El t\u00e9cnico de Vallecas <a href=\"https:\/\/www.lavanguardia.com\/deportes\/fc-barcelona\/20240504\/9613679\/girona-celebra-alto-clasificacion-champions.html\" target=\"_blank\" rel=\"noopener\">ha logrado clasificar al Girona a la Champions<\/a> por primera vez en su historia, <a href=\"https:\/\/www.lavanguardia.com\/deportes\/fc-barcelona\/20240504\/9613591\/girona-remonta-barca-equipo-champions.html\" target=\"_blank\" rel=\"noopener\">tras vencer por 4-2 al Bar\u00e7a<\/a>. Aunque el conjunto catal\u00e1n no sabe si podr\u00e1 jugar en su campo, M\u00edchel lo tiene claro: \u201cLa Champions tiene que ser en Montilivi\u201d.\u00a0<\/p>\n<p><a href=\"https:\/\/www.lavanguardia.com\/deportes\/futbol\/20240506\/9615009\/michel-champions-jugar-montilivi-dobvyk-eric-garcia-aleix-savinho-girona-barca-barcelona-oriol-romeu.html\">Seguir leyendo&#8230;<\/a><\/p>","protected":false},"excerpt":{"rendered":"<p>M\u00edchel S\u00e1nchez es uno de los entrenadores de la temporada en el f\u00fatbol mundial. El t\u00e9cnico de Vallecas ha logrado clasificar al Girona a la Champions por primera vez en su historia, tras vencer por 4-2 al Bar\u00e7a. Aunque el conjunto catal\u00e1n no sabe si podr\u00e1 jugar en su campo, M\u00edchel lo tiene claro: \u201cLa [&hellip;]<\/p>\n","protected":false},"author":0,"featured_media":11647,"comment_status":"","ping_status":"","sticky":false,"template":"","format":"standard","meta":{"_et_pb_use_builder":"","_et_pb_old_content":"","_et_gb_content_width":"","footnotes":""},"categories":[1],"tags":[],"class_list":["post-11646","post","type-post","status-publish","format-standard","has-post-thumbnail","hentry","category-blog","et-has-post-format-content","et_post_format-et-post-format-standard"],"_links":{"self":[{"href":"https:\/\/trayectoriadeportiva.com\/index.php\/wp-json\/wp\/v2\/posts\/11646","targetHints":{"allow":["GET"]}}],"collection":[{"href":"https:\/\/trayectoriadeportiva.com\/index.php\/wp-json\/wp\/v2\/posts"}],"about":[{"href":"https:\/\/trayectoriadeportiva.com\/index.php\/wp-json\/wp\/v2\/types\/post"}],"replies":[{"embeddable":true,"href":"https:\/\/trayectoriadeportiva.com\/index.php\/wp-json\/wp\/v2\/comments?post=11646"}],"version-history":[{"count":0,"href":"https:\/\/trayectoriadeportiva.com\/index.php\/wp-json\/wp\/v2\/posts\/11646\/revisions"}],"wp:featuredmedia":[{"embeddable":true,"href":"https:\/\/trayectoriadeportiva.com\/index.php\/wp-json\/wp\/v2\/media\/11647"}],"wp:attachment":[{"href":"https:\/\/trayectoriadeportiva.com\/index.php\/wp-json\/wp\/v2\/media?parent=11646"}],"wp:term":[{"taxonomy":"category","embeddable":true,"href":"https:\/\/trayectoriadeportiva.com\/index.php\/wp-json\/wp\/v2\/categories?post=11646"},{"taxonomy":"post_tag","embeddable":true,"href":"https:\/\/trayectoriadeportiva.com\/index.php\/wp-json\/wp\/v2\/tags?post=11646"}],"curies":[{"name":"wp","href":"https:\/\/api.w.org\/{rel}","templated":true}]}}