{"id":11666,"date":"2024-05-07T04:00:00","date_gmt":"2024-05-07T04:00:00","guid":{"rendered":"https:\/\/trayectoriadeportiva.com\/index.php\/2024\/05\/07\/girona-cuando-la-realidad-supera-los-suenos\/"},"modified":"2024-05-07T04:00:00","modified_gmt":"2024-05-07T04:00:00","slug":"girona-cuando-la-realidad-supera-los-suenos","status":"publish","type":"post","link":"https:\/\/trayectoriadeportiva.com\/index.php\/2024\/05\/07\/girona-cuando-la-realidad-supera-los-suenos\/","title":{"rendered":"Girona, cuando la realidad supera los sue\u00f1os"},"content":{"rendered":"<p>Hab\u00edamos perdido a Taty Castellanos y a Oriol Romeu. Est\u00e1bamos depresivos. Pero en el primer entrenamiento de Savinho le dije a Quique [C\u00e1rcel, director deportivo] que \u00edbamos a quedar entre los ocho primeros\u201d. Se qued\u00f3 cort\u00f3. Muy corto. Porque M\u00edchel S\u00e1nchez se ha convertido en un cumplesue\u00f1os al tim\u00f3n de un Girona que ha escrito una historia brillante, peculiar, hasta cierto punto rom\u00e1ntica y, sobre todo, encomiable.<\/p>\n<p><a href=\"https:\/\/www.lavanguardia.com\/deportes\/futbol\/20240507\/9617781\/girona-realidad-supera-suenos.html\">Seguir leyendo&#8230;<\/a><\/p>","protected":false},"excerpt":{"rendered":"<p>Hab\u00edamos perdido a Taty Castellanos y a Oriol Romeu. Est\u00e1bamos depresivos. Pero en el primer entrenamiento de Savinho le dije a Quique [C\u00e1rcel, director deportivo] que \u00edbamos a quedar entre los ocho primeros\u201d. Se qued\u00f3 cort\u00f3. Muy corto. Porque M\u00edchel S\u00e1nchez se ha convertido en un cumplesue\u00f1os al tim\u00f3n de un Girona que ha escrito [&hellip;]<\/p>\n","protected":false},"author":0,"featured_media":11667,"comment_status":"","ping_status":"","sticky":false,"template":"","format":"standard","meta":{"_et_pb_use_builder":"","_et_pb_old_content":"","_et_gb_content_width":"","footnotes":""},"categories":[1],"tags":[],"class_list":["post-11666","post","type-post","status-publish","format-standard","has-post-thumbnail","hentry","category-blog","et-has-post-format-content","et_post_format-et-post-format-standard"],"_links":{"self":[{"href":"https:\/\/trayectoriadeportiva.com\/index.php\/wp-json\/wp\/v2\/posts\/11666","targetHints":{"allow":["GET"]}}],"collection":[{"href":"https:\/\/trayectoriadeportiva.com\/index.php\/wp-json\/wp\/v2\/posts"}],"about":[{"href":"https:\/\/trayectoriadeportiva.com\/index.php\/wp-json\/wp\/v2\/types\/post"}],"replies":[{"embeddable":true,"href":"https:\/\/trayectoriadeportiva.com\/index.php\/wp-json\/wp\/v2\/comments?post=11666"}],"version-history":[{"count":0,"href":"https:\/\/trayectoriadeportiva.com\/index.php\/wp-json\/wp\/v2\/posts\/11666\/revisions"}],"wp:featuredmedia":[{"embeddable":true,"href":"https:\/\/trayectoriadeportiva.com\/index.php\/wp-json\/wp\/v2\/media\/11667"}],"wp:attachment":[{"href":"https:\/\/trayectoriadeportiva.com\/index.php\/wp-json\/wp\/v2\/media?parent=11666"}],"wp:term":[{"taxonomy":"category","embeddable":true,"href":"https:\/\/trayectoriadeportiva.com\/index.php\/wp-json\/wp\/v2\/categories?post=11666"},{"taxonomy":"post_tag","embeddable":true,"href":"https:\/\/trayectoriadeportiva.com\/index.php\/wp-json\/wp\/v2\/tags?post=11666"}],"curies":[{"name":"wp","href":"https:\/\/api.w.org\/{rel}","templated":true}]}}