{"id":11755,"date":"2024-05-08T22:16:20","date_gmt":"2024-05-08T22:16:20","guid":{"rendered":"https:\/\/trayectoriadeportiva.com\/index.php\/2024\/05\/08\/grimau-estamos-fastidiados-pero-no-nos-queda-otra-que-levantarnos\/"},"modified":"2024-05-08T22:16:20","modified_gmt":"2024-05-08T22:16:20","slug":"grimau-estamos-fastidiados-pero-no-nos-queda-otra-que-levantarnos","status":"publish","type":"post","link":"https:\/\/trayectoriadeportiva.com\/index.php\/2024\/05\/08\/grimau-estamos-fastidiados-pero-no-nos-queda-otra-que-levantarnos\/","title":{"rendered":"Grimau: \u201cEstamos fastidiados, pero no nos queda otra que levantarnos\u201d"},"content":{"rendered":"<p>Acostumbrado a acoger noches de alegr\u00eda en estas latitudes de la competici\u00f3n europea, de euforia para el Bar\u00e7a, el Palau fue esta vez el escenario de la decepci\u00f3n blaugrana. Adi\u00f3s a la final four y al sue\u00f1o de la Euroliga. Caras largas en la grada y en el parquet, incluso con l\u00e1grimas en algunos rostros. No fue una excepci\u00f3n el gesto de Roger Grimau, un barcelonista m\u00e1s totalmente abatido, que a duras penas enlaz\u00f3 una pocas palabras para explicar la dur\u00edsima derrota ante el Olympiacos.<\/p>\n<p><a href=\"https:\/\/www.lavanguardia.com\/deportes\/20240509\/9625515\/grimau-ricky-rubio-bartzokas-reacciones-barcelona-olympiacos-euroliga.html\">Seguir leyendo&#8230;<\/a><\/p>","protected":false},"excerpt":{"rendered":"<p>Acostumbrado a acoger noches de alegr\u00eda en estas latitudes de la competici\u00f3n europea, de euforia para el Bar\u00e7a, el Palau fue esta vez el escenario de la decepci\u00f3n blaugrana. Adi\u00f3s a la final four y al sue\u00f1o de la Euroliga. Caras largas en la grada y en el parquet, incluso con l\u00e1grimas en algunos rostros. [&hellip;]<\/p>\n","protected":false},"author":0,"featured_media":11756,"comment_status":"","ping_status":"","sticky":false,"template":"","format":"standard","meta":{"_et_pb_use_builder":"","_et_pb_old_content":"","_et_gb_content_width":"","footnotes":""},"categories":[1],"tags":[],"class_list":["post-11755","post","type-post","status-publish","format-standard","has-post-thumbnail","hentry","category-blog","et-has-post-format-content","et_post_format-et-post-format-standard"],"_links":{"self":[{"href":"https:\/\/trayectoriadeportiva.com\/index.php\/wp-json\/wp\/v2\/posts\/11755","targetHints":{"allow":["GET"]}}],"collection":[{"href":"https:\/\/trayectoriadeportiva.com\/index.php\/wp-json\/wp\/v2\/posts"}],"about":[{"href":"https:\/\/trayectoriadeportiva.com\/index.php\/wp-json\/wp\/v2\/types\/post"}],"replies":[{"embeddable":true,"href":"https:\/\/trayectoriadeportiva.com\/index.php\/wp-json\/wp\/v2\/comments?post=11755"}],"version-history":[{"count":0,"href":"https:\/\/trayectoriadeportiva.com\/index.php\/wp-json\/wp\/v2\/posts\/11755\/revisions"}],"wp:featuredmedia":[{"embeddable":true,"href":"https:\/\/trayectoriadeportiva.com\/index.php\/wp-json\/wp\/v2\/media\/11756"}],"wp:attachment":[{"href":"https:\/\/trayectoriadeportiva.com\/index.php\/wp-json\/wp\/v2\/media?parent=11755"}],"wp:term":[{"taxonomy":"category","embeddable":true,"href":"https:\/\/trayectoriadeportiva.com\/index.php\/wp-json\/wp\/v2\/categories?post=11755"},{"taxonomy":"post_tag","embeddable":true,"href":"https:\/\/trayectoriadeportiva.com\/index.php\/wp-json\/wp\/v2\/tags?post=11755"}],"curies":[{"name":"wp","href":"https:\/\/api.w.org\/{rel}","templated":true}]}}