{"id":11757,"date":"2024-05-08T22:11:05","date_gmt":"2024-05-08T22:11:05","guid":{"rendered":"https:\/\/trayectoriadeportiva.com\/index.php\/2024\/05\/08\/joselu-y-la-ira-del-bayern-por-el-silbato-de-marciniak\/"},"modified":"2024-05-08T22:11:05","modified_gmt":"2024-05-08T22:11:05","slug":"joselu-y-la-ira-del-bayern-por-el-silbato-de-marciniak","status":"publish","type":"post","link":"https:\/\/trayectoriadeportiva.com\/index.php\/2024\/05\/08\/joselu-y-la-ira-del-bayern-por-el-silbato-de-marciniak\/","title":{"rendered":"Joselu y la ira del Bayern por el silbato de Marciniak"},"content":{"rendered":"<p>Con el agua al cuello. Contra las cuerdas. Hundi\u00e9ndose en arenas movedizas. Acorralado por el resultado y el cron\u00f3metro. Cuando todo parece perdido, el Madrid est\u00e1 en su salsa. Otros arrojar\u00edan la toalla. Los blancos y el Bernab\u00e9u siempre encuentran una salida, una vida extra, un h\u00e9roe inesperado. El Madrid tiene un pacto con el diablo, con el guionista del f\u00fatbol o con el mito de la mism\u00edsima Copa de Europa.<\/p>\n<p><a href=\"https:\/\/www.lavanguardia.com\/deportes\/real-madrid\/20240509\/9625501\/joselu-ira-bayern-por-silbato-marciniak-de-ligt-tuchel.html\">Seguir leyendo&#8230;<\/a><\/p>","protected":false},"excerpt":{"rendered":"<p>Con el agua al cuello. Contra las cuerdas. Hundi\u00e9ndose en arenas movedizas. Acorralado por el resultado y el cron\u00f3metro. Cuando todo parece perdido, el Madrid est\u00e1 en su salsa. Otros arrojar\u00edan la toalla. Los blancos y el Bernab\u00e9u siempre encuentran una salida, una vida extra, un h\u00e9roe inesperado. El Madrid tiene un pacto con el [&hellip;]<\/p>\n","protected":false},"author":0,"featured_media":11758,"comment_status":"","ping_status":"","sticky":false,"template":"","format":"standard","meta":{"_et_pb_use_builder":"","_et_pb_old_content":"","_et_gb_content_width":"","footnotes":""},"categories":[1],"tags":[],"class_list":["post-11757","post","type-post","status-publish","format-standard","has-post-thumbnail","hentry","category-blog","et-has-post-format-content","et_post_format-et-post-format-standard"],"_links":{"self":[{"href":"https:\/\/trayectoriadeportiva.com\/index.php\/wp-json\/wp\/v2\/posts\/11757","targetHints":{"allow":["GET"]}}],"collection":[{"href":"https:\/\/trayectoriadeportiva.com\/index.php\/wp-json\/wp\/v2\/posts"}],"about":[{"href":"https:\/\/trayectoriadeportiva.com\/index.php\/wp-json\/wp\/v2\/types\/post"}],"replies":[{"embeddable":true,"href":"https:\/\/trayectoriadeportiva.com\/index.php\/wp-json\/wp\/v2\/comments?post=11757"}],"version-history":[{"count":0,"href":"https:\/\/trayectoriadeportiva.com\/index.php\/wp-json\/wp\/v2\/posts\/11757\/revisions"}],"wp:featuredmedia":[{"embeddable":true,"href":"https:\/\/trayectoriadeportiva.com\/index.php\/wp-json\/wp\/v2\/media\/11758"}],"wp:attachment":[{"href":"https:\/\/trayectoriadeportiva.com\/index.php\/wp-json\/wp\/v2\/media?parent=11757"}],"wp:term":[{"taxonomy":"category","embeddable":true,"href":"https:\/\/trayectoriadeportiva.com\/index.php\/wp-json\/wp\/v2\/categories?post=11757"},{"taxonomy":"post_tag","embeddable":true,"href":"https:\/\/trayectoriadeportiva.com\/index.php\/wp-json\/wp\/v2\/tags?post=11757"}],"curies":[{"name":"wp","href":"https:\/\/api.w.org\/{rel}","templated":true}]}}