{"id":11813,"date":"2024-05-10T10:54:49","date_gmt":"2024-05-10T10:54:49","guid":{"rendered":"https:\/\/trayectoriadeportiva.com\/index.php\/2024\/05\/10\/condena-por-espiar-el-correo-de-jaume-roures\/"},"modified":"2024-05-10T10:54:49","modified_gmt":"2024-05-10T10:54:49","slug":"condena-por-espiar-el-correo-de-jaume-roures","status":"publish","type":"post","link":"https:\/\/trayectoriadeportiva.com\/index.php\/2024\/05\/10\/condena-por-espiar-el-correo-de-jaume-roures\/","title":{"rendered":"Condena por espiar el correo de Jaume Roures"},"content":{"rendered":"<p>Robert Cama y Joan Carles Ravent\u00f3s han sido sentenciados como culpables de espiar el correo electr\u00f3nico de Jaume Roures y otros seis directivos de Mediapro entre julio de 2009 y julio de 2011. As\u00ed lo ha dictaminado la titular del juzgado Penal n\u00famero 20 de Barcelona, que ha estimado que Cama accedi\u00f3 al buz\u00f3n de correo corporativo de Roures, entonces socio gestor de Mediapro, copiando miles de correos electr\u00f3nicos y remiti\u00e9ndolos a varias cuentas de Bonus Sport Marketing (empresa propiedad entonces de Sandro Rosell). En ese momento, Robert Cama era el responsable del departamento de inform\u00e1tica de Mediapro. Joan Carles Ravent\u00f3s, por su parte, era director de las secciones deportivas del FC Barcelona, presidido por Sandro Rosell.<\/p>\n<p><a href=\"https:\/\/www.lavanguardia.com\/deportes\/20240510\/9630863\/condena-espiar-correo-jaume-roures.html\">Seguir leyendo&#8230;<\/a><\/p>","protected":false},"excerpt":{"rendered":"<p>Robert Cama y Joan Carles Ravent\u00f3s han sido sentenciados como culpables de espiar el correo electr\u00f3nico de Jaume Roures y otros seis directivos de Mediapro entre julio de 2009 y julio de 2011. As\u00ed lo ha dictaminado la titular del juzgado Penal n\u00famero 20 de Barcelona, que ha estimado que Cama accedi\u00f3 al buz\u00f3n de [&hellip;]<\/p>\n","protected":false},"author":0,"featured_media":11814,"comment_status":"","ping_status":"","sticky":false,"template":"","format":"standard","meta":{"_et_pb_use_builder":"","_et_pb_old_content":"","_et_gb_content_width":"","footnotes":""},"categories":[1],"tags":[],"class_list":["post-11813","post","type-post","status-publish","format-standard","has-post-thumbnail","hentry","category-blog","et-has-post-format-content","et_post_format-et-post-format-standard"],"_links":{"self":[{"href":"https:\/\/trayectoriadeportiva.com\/index.php\/wp-json\/wp\/v2\/posts\/11813","targetHints":{"allow":["GET"]}}],"collection":[{"href":"https:\/\/trayectoriadeportiva.com\/index.php\/wp-json\/wp\/v2\/posts"}],"about":[{"href":"https:\/\/trayectoriadeportiva.com\/index.php\/wp-json\/wp\/v2\/types\/post"}],"replies":[{"embeddable":true,"href":"https:\/\/trayectoriadeportiva.com\/index.php\/wp-json\/wp\/v2\/comments?post=11813"}],"version-history":[{"count":0,"href":"https:\/\/trayectoriadeportiva.com\/index.php\/wp-json\/wp\/v2\/posts\/11813\/revisions"}],"wp:featuredmedia":[{"embeddable":true,"href":"https:\/\/trayectoriadeportiva.com\/index.php\/wp-json\/wp\/v2\/media\/11814"}],"wp:attachment":[{"href":"https:\/\/trayectoriadeportiva.com\/index.php\/wp-json\/wp\/v2\/media?parent=11813"}],"wp:term":[{"taxonomy":"category","embeddable":true,"href":"https:\/\/trayectoriadeportiva.com\/index.php\/wp-json\/wp\/v2\/categories?post=11813"},{"taxonomy":"post_tag","embeddable":true,"href":"https:\/\/trayectoriadeportiva.com\/index.php\/wp-json\/wp\/v2\/tags?post=11813"}],"curies":[{"name":"wp","href":"https:\/\/api.w.org\/{rel}","templated":true}]}}