{"id":1185,"date":"2023-10-11T17:05:14","date_gmt":"2023-10-11T17:05:14","guid":{"rendered":"https:\/\/trayectoriadeportiva.com\/index.php\/2023\/10\/11\/el-csd-endurece-el-proceso-para-presidir-la-rfef\/"},"modified":"2023-10-11T17:05:14","modified_gmt":"2023-10-11T17:05:14","slug":"el-csd-endurece-el-proceso-para-presidir-la-rfef","status":"publish","type":"post","link":"https:\/\/trayectoriadeportiva.com\/index.php\/2023\/10\/11\/el-csd-endurece-el-proceso-para-presidir-la-rfef\/","title":{"rendered":"El CSD endurece el proceso para presidir la RFEF"},"content":{"rendered":"<p>El presidente del Consejo Superior de Deportes (CSD), V\u00edctor Francos, firm\u00f3 este mi\u00e9rcoles la autorizaci\u00f3n para que la Real Federaci\u00f3n Espa\u00f1ola de F\u00fatbol (RFEF) celebre elecciones generales en el primer trimestre de 2024.<\/p>\n<p><a href=\"https:\/\/www.lavanguardia.com\/deportes\/futbol\/20231011\/9294556\/csd-autoriza-rfef-celebrar-elecciones-primer-trimestre-2024-presenta-nuevo-borrador.html\">Seguir leyendo&#8230;<\/a><\/p>","protected":false},"excerpt":{"rendered":"<p>El presidente del Consejo Superior de Deportes (CSD), V\u00edctor Francos, firm\u00f3 este mi\u00e9rcoles la autorizaci\u00f3n para que la Real Federaci\u00f3n Espa\u00f1ola de F\u00fatbol (RFEF) celebre elecciones generales en el primer trimestre de 2024. Seguir leyendo&#8230;<\/p>\n","protected":false},"author":0,"featured_media":1186,"comment_status":"","ping_status":"","sticky":false,"template":"","format":"standard","meta":{"_et_pb_use_builder":"","_et_pb_old_content":"","_et_gb_content_width":"","footnotes":""},"categories":[1],"tags":[],"class_list":["post-1185","post","type-post","status-publish","format-standard","has-post-thumbnail","hentry","category-blog","et-has-post-format-content","et_post_format-et-post-format-standard"],"_links":{"self":[{"href":"https:\/\/trayectoriadeportiva.com\/index.php\/wp-json\/wp\/v2\/posts\/1185","targetHints":{"allow":["GET"]}}],"collection":[{"href":"https:\/\/trayectoriadeportiva.com\/index.php\/wp-json\/wp\/v2\/posts"}],"about":[{"href":"https:\/\/trayectoriadeportiva.com\/index.php\/wp-json\/wp\/v2\/types\/post"}],"replies":[{"embeddable":true,"href":"https:\/\/trayectoriadeportiva.com\/index.php\/wp-json\/wp\/v2\/comments?post=1185"}],"version-history":[{"count":0,"href":"https:\/\/trayectoriadeportiva.com\/index.php\/wp-json\/wp\/v2\/posts\/1185\/revisions"}],"wp:featuredmedia":[{"embeddable":true,"href":"https:\/\/trayectoriadeportiva.com\/index.php\/wp-json\/wp\/v2\/media\/1186"}],"wp:attachment":[{"href":"https:\/\/trayectoriadeportiva.com\/index.php\/wp-json\/wp\/v2\/media?parent=1185"}],"wp:term":[{"taxonomy":"category","embeddable":true,"href":"https:\/\/trayectoriadeportiva.com\/index.php\/wp-json\/wp\/v2\/categories?post=1185"},{"taxonomy":"post_tag","embeddable":true,"href":"https:\/\/trayectoriadeportiva.com\/index.php\/wp-json\/wp\/v2\/tags?post=1185"}],"curies":[{"name":"wp","href":"https:\/\/api.w.org\/{rel}","templated":true}]}}