{"id":11919,"date":"2024-05-12T04:00:00","date_gmt":"2024-05-12T04:00:00","guid":{"rendered":"https:\/\/trayectoriadeportiva.com\/index.php\/2024\/05\/12\/la-jugada-redonda-de-florentino\/"},"modified":"2024-05-12T04:00:00","modified_gmt":"2024-05-12T04:00:00","slug":"la-jugada-redonda-de-florentino","status":"publish","type":"post","link":"https:\/\/trayectoriadeportiva.com\/index.php\/2024\/05\/12\/la-jugada-redonda-de-florentino\/","title":{"rendered":"La jugada redonda de Florentino"},"content":{"rendered":"<p>No hay manera de recordar un campe\u00f3n de Liga y probable campe\u00f3n de la Copa de Europa sin el nueve \u2013el n\u00famero, no la funci\u00f3n\u2013 en la plantilla. La funci\u00f3n en el Real Madrid la cumple Joselu, un ariete a la antigua. Lleva el 14 a la espalda, que es n\u00famero de culto en otros lugares, porque el 9 est\u00e1 en conserva desde hace un a\u00f1o, en concreto desde que Kylian Mbapp\u00e9 prefiri\u00f3 seguir en el PSG a fichar por el Real Madrid. Lejos de considerarlo un agravio, Florentino P\u00e9rez le guard\u00f3 ausencia. Le doli\u00f3 el rechazo, pero no le ofendi\u00f3. No es un sentimental. El f\u00fatbol es negocio y Mbapp\u00e9 representa una gigantesca oportunidad de negocio, dentro y fuera del campo.<\/p>\n<p><a href=\"https:\/\/www.lavanguardia.com\/deportes\/20240512\/9634691\/jugada-redonda-florentino.html\">Seguir leyendo&#8230;<\/a><\/p>","protected":false},"excerpt":{"rendered":"<p>No hay manera de recordar un campe\u00f3n de Liga y probable campe\u00f3n de la Copa de Europa sin el nueve \u2013el n\u00famero, no la funci\u00f3n\u2013 en la plantilla. La funci\u00f3n en el Real Madrid la cumple Joselu, un ariete a la antigua. Lleva el 14 a la espalda, que es n\u00famero de culto en otros [&hellip;]<\/p>\n","protected":false},"author":0,"featured_media":11920,"comment_status":"","ping_status":"","sticky":false,"template":"","format":"standard","meta":{"_et_pb_use_builder":"","_et_pb_old_content":"","_et_gb_content_width":"","footnotes":""},"categories":[1],"tags":[],"class_list":["post-11919","post","type-post","status-publish","format-standard","has-post-thumbnail","hentry","category-blog","et-has-post-format-content","et_post_format-et-post-format-standard"],"_links":{"self":[{"href":"https:\/\/trayectoriadeportiva.com\/index.php\/wp-json\/wp\/v2\/posts\/11919","targetHints":{"allow":["GET"]}}],"collection":[{"href":"https:\/\/trayectoriadeportiva.com\/index.php\/wp-json\/wp\/v2\/posts"}],"about":[{"href":"https:\/\/trayectoriadeportiva.com\/index.php\/wp-json\/wp\/v2\/types\/post"}],"replies":[{"embeddable":true,"href":"https:\/\/trayectoriadeportiva.com\/index.php\/wp-json\/wp\/v2\/comments?post=11919"}],"version-history":[{"count":0,"href":"https:\/\/trayectoriadeportiva.com\/index.php\/wp-json\/wp\/v2\/posts\/11919\/revisions"}],"wp:featuredmedia":[{"embeddable":true,"href":"https:\/\/trayectoriadeportiva.com\/index.php\/wp-json\/wp\/v2\/media\/11920"}],"wp:attachment":[{"href":"https:\/\/trayectoriadeportiva.com\/index.php\/wp-json\/wp\/v2\/media?parent=11919"}],"wp:term":[{"taxonomy":"category","embeddable":true,"href":"https:\/\/trayectoriadeportiva.com\/index.php\/wp-json\/wp\/v2\/categories?post=11919"},{"taxonomy":"post_tag","embeddable":true,"href":"https:\/\/trayectoriadeportiva.com\/index.php\/wp-json\/wp\/v2\/tags?post=11919"}],"curies":[{"name":"wp","href":"https:\/\/api.w.org\/{rel}","templated":true}]}}