{"id":11923,"date":"2024-05-12T04:00:00","date_gmt":"2024-05-12T04:00:00","guid":{"rendered":"https:\/\/trayectoriadeportiva.com\/index.php\/2024\/05\/12\/ansu-fati-el-declive-de-un-crack-que-quiere-volver-a-serlo\/"},"modified":"2024-05-12T04:00:00","modified_gmt":"2024-05-12T04:00:00","slug":"ansu-fati-el-declive-de-un-crack-que-quiere-volver-a-serlo","status":"publish","type":"post","link":"https:\/\/trayectoriadeportiva.com\/index.php\/2024\/05\/12\/ansu-fati-el-declive-de-un-crack-que-quiere-volver-a-serlo\/","title":{"rendered":"Ansu Fati, el declive de un crack que quiere volver a serlo"},"content":{"rendered":"<p>Hace una semana Ansu Fati hizo una visita expr\u00e9s a Barcelona. Comi\u00f3 con los suyos, se vio con sus agentes y tambi\u00e9n con su amigo, el tambi\u00e9n blaugrana Alejandro Balde. Despu\u00e9s regres\u00f3 a Brighton, ciudad en la que reside desde septiembre cuando el Barcelona le cedi\u00f3 al equipo que entrena De Zerbi sin opci\u00f3n de compra. El objetivo era que el delantero desarrollara su f\u00fatbol en la Premier y ganara confianza despu\u00e9s de crecer, despuntar y caer en el Bar\u00e7a por culpa de las lesiones y de la gesti\u00f3n de las siempre peligrosas expectativas. Ansu Fati, a\u00fan jovenc\u00edsimo (21 a\u00f1os), ha sentido esa presi\u00f3n. Y su regreso al Bar\u00e7a es, a d\u00eda de hoy, muy improbable.<\/p>\n<p><a href=\"https:\/\/www.lavanguardia.com\/deportes\/fc-barcelona\/20240512\/9634060\/futuro-ansu-fati-barca-cesion.html\">Seguir leyendo&#8230;<\/a><\/p>","protected":false},"excerpt":{"rendered":"<p>Hace una semana Ansu Fati hizo una visita expr\u00e9s a Barcelona. Comi\u00f3 con los suyos, se vio con sus agentes y tambi\u00e9n con su amigo, el tambi\u00e9n blaugrana Alejandro Balde. Despu\u00e9s regres\u00f3 a Brighton, ciudad en la que reside desde septiembre cuando el Barcelona le cedi\u00f3 al equipo que entrena De Zerbi sin opci\u00f3n de [&hellip;]<\/p>\n","protected":false},"author":0,"featured_media":11924,"comment_status":"","ping_status":"","sticky":false,"template":"","format":"standard","meta":{"_et_pb_use_builder":"","_et_pb_old_content":"","_et_gb_content_width":"","footnotes":""},"categories":[1],"tags":[],"class_list":["post-11923","post","type-post","status-publish","format-standard","has-post-thumbnail","hentry","category-blog","et-has-post-format-content","et_post_format-et-post-format-standard"],"_links":{"self":[{"href":"https:\/\/trayectoriadeportiva.com\/index.php\/wp-json\/wp\/v2\/posts\/11923","targetHints":{"allow":["GET"]}}],"collection":[{"href":"https:\/\/trayectoriadeportiva.com\/index.php\/wp-json\/wp\/v2\/posts"}],"about":[{"href":"https:\/\/trayectoriadeportiva.com\/index.php\/wp-json\/wp\/v2\/types\/post"}],"replies":[{"embeddable":true,"href":"https:\/\/trayectoriadeportiva.com\/index.php\/wp-json\/wp\/v2\/comments?post=11923"}],"version-history":[{"count":0,"href":"https:\/\/trayectoriadeportiva.com\/index.php\/wp-json\/wp\/v2\/posts\/11923\/revisions"}],"wp:featuredmedia":[{"embeddable":true,"href":"https:\/\/trayectoriadeportiva.com\/index.php\/wp-json\/wp\/v2\/media\/11924"}],"wp:attachment":[{"href":"https:\/\/trayectoriadeportiva.com\/index.php\/wp-json\/wp\/v2\/media?parent=11923"}],"wp:term":[{"taxonomy":"category","embeddable":true,"href":"https:\/\/trayectoriadeportiva.com\/index.php\/wp-json\/wp\/v2\/categories?post=11923"},{"taxonomy":"post_tag","embeddable":true,"href":"https:\/\/trayectoriadeportiva.com\/index.php\/wp-json\/wp\/v2\/tags?post=11923"}],"curies":[{"name":"wp","href":"https:\/\/api.w.org\/{rel}","templated":true}]}}