{"id":11957,"date":"2024-05-12T13:50:13","date_gmt":"2024-05-12T13:50:13","guid":{"rendered":"https:\/\/trayectoriadeportiva.com\/index.php\/2024\/05\/12\/medio-millon-en-las-calles-en-la-rua-del-real-madrid\/"},"modified":"2024-05-12T13:50:13","modified_gmt":"2024-05-12T13:50:13","slug":"medio-millon-en-las-calles-en-la-rua-del-real-madrid","status":"publish","type":"post","link":"https:\/\/trayectoriadeportiva.com\/index.php\/2024\/05\/12\/medio-millon-en-las-calles-en-la-rua-del-real-madrid\/","title":{"rendered":"Medio mill\u00f3n en las calles en la rua del Real Madrid"},"content":{"rendered":"<p>El Real Madrid se dio un ba\u00f1o de masas en una ma\u00f1ana dedicada a celebrar la conquista de la Liga n\u00famero 36. Medio mill\u00f3n de personas se calcula que salieron a las calles de la capital para ver el bus descapotable del Madrid y aclamar a los jugadores en un acto que empez\u00f3 con la entrega de la Copa de la Liga por parte del presidente de la Federaci\u00f3n, Pedro Rocha, en un acto \u00edntimo sin medios ni p\u00fablico en la ciudad deportiva de Valdebebas y que termin\u00f3 con el acto masivo de ponerle la bufanda madridista a la diosa Cibeles por parte del capit\u00e1n Nacho.<\/p>\n<p><a href=\"https:\/\/www.lavanguardia.com\/deportes\/real-madrid\/20240512\/9635778\/medio-millon-calles-rua-real-madrid.html\">Seguir leyendo&#8230;<\/a><\/p>","protected":false},"excerpt":{"rendered":"<p>El Real Madrid se dio un ba\u00f1o de masas en una ma\u00f1ana dedicada a celebrar la conquista de la Liga n\u00famero 36. Medio mill\u00f3n de personas se calcula que salieron a las calles de la capital para ver el bus descapotable del Madrid y aclamar a los jugadores en un acto que empez\u00f3 con la [&hellip;]<\/p>\n","protected":false},"author":0,"featured_media":11958,"comment_status":"","ping_status":"","sticky":false,"template":"","format":"standard","meta":{"_et_pb_use_builder":"","_et_pb_old_content":"","_et_gb_content_width":"","footnotes":""},"categories":[1],"tags":[],"class_list":["post-11957","post","type-post","status-publish","format-standard","has-post-thumbnail","hentry","category-blog","et-has-post-format-content","et_post_format-et-post-format-standard"],"_links":{"self":[{"href":"https:\/\/trayectoriadeportiva.com\/index.php\/wp-json\/wp\/v2\/posts\/11957","targetHints":{"allow":["GET"]}}],"collection":[{"href":"https:\/\/trayectoriadeportiva.com\/index.php\/wp-json\/wp\/v2\/posts"}],"about":[{"href":"https:\/\/trayectoriadeportiva.com\/index.php\/wp-json\/wp\/v2\/types\/post"}],"replies":[{"embeddable":true,"href":"https:\/\/trayectoriadeportiva.com\/index.php\/wp-json\/wp\/v2\/comments?post=11957"}],"version-history":[{"count":0,"href":"https:\/\/trayectoriadeportiva.com\/index.php\/wp-json\/wp\/v2\/posts\/11957\/revisions"}],"wp:featuredmedia":[{"embeddable":true,"href":"https:\/\/trayectoriadeportiva.com\/index.php\/wp-json\/wp\/v2\/media\/11958"}],"wp:attachment":[{"href":"https:\/\/trayectoriadeportiva.com\/index.php\/wp-json\/wp\/v2\/media?parent=11957"}],"wp:term":[{"taxonomy":"category","embeddable":true,"href":"https:\/\/trayectoriadeportiva.com\/index.php\/wp-json\/wp\/v2\/categories?post=11957"},{"taxonomy":"post_tag","embeddable":true,"href":"https:\/\/trayectoriadeportiva.com\/index.php\/wp-json\/wp\/v2\/tags?post=11957"}],"curies":[{"name":"wp","href":"https:\/\/api.w.org\/{rel}","templated":true}]}}