{"id":12078,"date":"2024-05-14T18:02:12","date_gmt":"2024-05-14T18:02:12","guid":{"rendered":"https:\/\/trayectoriadeportiva.com\/index.php\/2024\/05\/14\/el-barca-sin-representacion-en-los-dos-mejores-quintetos-de-la-acb\/"},"modified":"2024-05-14T18:02:12","modified_gmt":"2024-05-14T18:02:12","slug":"el-barca-sin-representacion-en-los-dos-mejores-quintetos-de-la-acb","status":"publish","type":"post","link":"https:\/\/trayectoriadeportiva.com\/index.php\/2024\/05\/14\/el-barca-sin-representacion-en-los-dos-mejores-quintetos-de-la-acb\/","title":{"rendered":"El Bar\u00e7a, sin representaci\u00f3n en los dos mejores quintetos de la ACB"},"content":{"rendered":"<p>La ACB anunci\u00f3 este martes los dos mejores quintetos de la Liga Endesa y entre los diez jugadores seleccionados, antes del inicio de los playoffs, no hay ning\u00fan representante del Bar\u00e7a, tercer clasificado en la temporada regular.\u00a0<\/p>\n<p><a href=\"https:\/\/www.lavanguardia.com\/deportes\/baloncesto\/20240514\/9643806\/barca-representacion-dos-mejores-quintetos-acb.html\">Seguir leyendo&#8230;<\/a><\/p>","protected":false},"excerpt":{"rendered":"<p>La ACB anunci\u00f3 este martes los dos mejores quintetos de la Liga Endesa y entre los diez jugadores seleccionados, antes del inicio de los playoffs, no hay ning\u00fan representante del Bar\u00e7a, tercer clasificado en la temporada regular.\u00a0 Seguir leyendo&#8230;<\/p>\n","protected":false},"author":0,"featured_media":12079,"comment_status":"","ping_status":"","sticky":false,"template":"","format":"standard","meta":{"_et_pb_use_builder":"","_et_pb_old_content":"","_et_gb_content_width":"","footnotes":""},"categories":[1],"tags":[],"class_list":["post-12078","post","type-post","status-publish","format-standard","has-post-thumbnail","hentry","category-blog","et-has-post-format-content","et_post_format-et-post-format-standard"],"_links":{"self":[{"href":"https:\/\/trayectoriadeportiva.com\/index.php\/wp-json\/wp\/v2\/posts\/12078","targetHints":{"allow":["GET"]}}],"collection":[{"href":"https:\/\/trayectoriadeportiva.com\/index.php\/wp-json\/wp\/v2\/posts"}],"about":[{"href":"https:\/\/trayectoriadeportiva.com\/index.php\/wp-json\/wp\/v2\/types\/post"}],"replies":[{"embeddable":true,"href":"https:\/\/trayectoriadeportiva.com\/index.php\/wp-json\/wp\/v2\/comments?post=12078"}],"version-history":[{"count":0,"href":"https:\/\/trayectoriadeportiva.com\/index.php\/wp-json\/wp\/v2\/posts\/12078\/revisions"}],"wp:featuredmedia":[{"embeddable":true,"href":"https:\/\/trayectoriadeportiva.com\/index.php\/wp-json\/wp\/v2\/media\/12079"}],"wp:attachment":[{"href":"https:\/\/trayectoriadeportiva.com\/index.php\/wp-json\/wp\/v2\/media?parent=12078"}],"wp:term":[{"taxonomy":"category","embeddable":true,"href":"https:\/\/trayectoriadeportiva.com\/index.php\/wp-json\/wp\/v2\/categories?post=12078"},{"taxonomy":"post_tag","embeddable":true,"href":"https:\/\/trayectoriadeportiva.com\/index.php\/wp-json\/wp\/v2\/tags?post=12078"}],"curies":[{"name":"wp","href":"https:\/\/api.w.org\/{rel}","templated":true}]}}