{"id":12114,"date":"2024-05-15T09:44:23","date_gmt":"2024-05-15T09:44:23","guid":{"rendered":"https:\/\/trayectoriadeportiva.com\/index.php\/2024\/05\/15\/el-city-debe-rebajar-su-porcentaje-accionarial-en-el-girona-para-que-ambos-jueguen-la-champions\/"},"modified":"2024-05-15T09:44:23","modified_gmt":"2024-05-15T09:44:23","slug":"el-city-debe-rebajar-su-porcentaje-accionarial-en-el-girona-para-que-ambos-jueguen-la-champions","status":"publish","type":"post","link":"https:\/\/trayectoriadeportiva.com\/index.php\/2024\/05\/15\/el-city-debe-rebajar-su-porcentaje-accionarial-en-el-girona-para-que-ambos-jueguen-la-champions\/","title":{"rendered":"El City debe rebajar su porcentaje accionarial en el Girona para que ambos jueguen la Champions"},"content":{"rendered":"<p>El City Group deber\u00e1 reducir su participaci\u00f3n en Manchester City o Girona para que ambos equipos puedan disputar <a href=\"https:\/\/www.lavanguardia.com\/deportes\/futbol\/20240506\/9615009\/michel-champions-jugar-montilivi-dobvyk-eric-garcia-aleix-savinho-girona-barca-barcelona-oriol-romeu.html\" target=\"_blank\" rel=\"noopener\">la pr\u00f3xima edici\u00f3n de la Champions<\/a>. El 3 de junio, el grupo inversor tiene que presentar un plan a la UEFA que respete la ley de multipropiedad.\u00a0<\/p>\n<p><a href=\"https:\/\/www.lavanguardia.com\/deportes\/futbol\/20240515\/9644825\/girona-debe-desvincularse-city-3-junio-disputar-champions-manchester-group-montilivi-uefa-multipropiedad.html\">Seguir leyendo&#8230;<\/a><\/p>","protected":false},"excerpt":{"rendered":"<p>El City Group deber\u00e1 reducir su participaci\u00f3n en Manchester City o Girona para que ambos equipos puedan disputar la pr\u00f3xima edici\u00f3n de la Champions. El 3 de junio, el grupo inversor tiene que presentar un plan a la UEFA que respete la ley de multipropiedad.\u00a0 Seguir leyendo&#8230;<\/p>\n","protected":false},"author":0,"featured_media":12115,"comment_status":"","ping_status":"","sticky":false,"template":"","format":"standard","meta":{"_et_pb_use_builder":"","_et_pb_old_content":"","_et_gb_content_width":"","footnotes":""},"categories":[1],"tags":[],"class_list":["post-12114","post","type-post","status-publish","format-standard","has-post-thumbnail","hentry","category-blog","et-has-post-format-content","et_post_format-et-post-format-standard"],"_links":{"self":[{"href":"https:\/\/trayectoriadeportiva.com\/index.php\/wp-json\/wp\/v2\/posts\/12114","targetHints":{"allow":["GET"]}}],"collection":[{"href":"https:\/\/trayectoriadeportiva.com\/index.php\/wp-json\/wp\/v2\/posts"}],"about":[{"href":"https:\/\/trayectoriadeportiva.com\/index.php\/wp-json\/wp\/v2\/types\/post"}],"replies":[{"embeddable":true,"href":"https:\/\/trayectoriadeportiva.com\/index.php\/wp-json\/wp\/v2\/comments?post=12114"}],"version-history":[{"count":0,"href":"https:\/\/trayectoriadeportiva.com\/index.php\/wp-json\/wp\/v2\/posts\/12114\/revisions"}],"wp:featuredmedia":[{"embeddable":true,"href":"https:\/\/trayectoriadeportiva.com\/index.php\/wp-json\/wp\/v2\/media\/12115"}],"wp:attachment":[{"href":"https:\/\/trayectoriadeportiva.com\/index.php\/wp-json\/wp\/v2\/media?parent=12114"}],"wp:term":[{"taxonomy":"category","embeddable":true,"href":"https:\/\/trayectoriadeportiva.com\/index.php\/wp-json\/wp\/v2\/categories?post=12114"},{"taxonomy":"post_tag","embeddable":true,"href":"https:\/\/trayectoriadeportiva.com\/index.php\/wp-json\/wp\/v2\/tags?post=12114"}],"curies":[{"name":"wp","href":"https:\/\/api.w.org\/{rel}","templated":true}]}}