{"id":12150,"date":"2024-05-16T04:00:00","date_gmt":"2024-05-16T04:00:00","guid":{"rendered":"https:\/\/trayectoriadeportiva.com\/index.php\/2024\/05\/16\/xavi-pincha-la-burbuja-en-el-barcelona\/"},"modified":"2024-05-16T04:00:00","modified_gmt":"2024-05-16T04:00:00","slug":"xavi-pincha-la-burbuja-en-el-barcelona","status":"publish","type":"post","link":"https:\/\/trayectoriadeportiva.com\/index.php\/2024\/05\/16\/xavi-pincha-la-burbuja-en-el-barcelona\/","title":{"rendered":"Xavi pincha la burbuja en el Barcelona"},"content":{"rendered":"<p>Este es un aviso al barcelonismo. Este es un mensaje lleno de veracidad. Sin pa\u00f1os calientes. Ha llegado la hora de bajar el souffl\u00e9. Es el momento de afrontar la realidad. Cul\u00e9s, les habla Xavi Hern\u00e1ndez, entrenador del primer equipo blaugrana. Lo mejor es que se mentalicen y sean plenamente conscientes del cambio de dimensi\u00f3n del club y sepan de los problemas a los que se enfrenta. \u201cPienso que el barcelonista debe entender que la situaci\u00f3n es muy dif\u00edcil. El Bar\u00e7a actual no tiene nada que ver con el de 25 a\u00f1os atr\u00e1s, cuando llegaba el entrenador y dec\u00eda quiero a \u00e9ste, a \u00e9ste y a \u00e9ste\u201d, compar\u00f3 Xavi sobre la facilidad para fichar en otras \u00e9pocas.<\/p>\n<p><a href=\"https:\/\/www.lavanguardia.com\/deportes\/fc-barcelona\/20240516\/9646995\/xavi-pincha-burbuja-barcelona.html\">Seguir leyendo&#8230;<\/a><\/p>","protected":false},"excerpt":{"rendered":"<p>Este es un aviso al barcelonismo. Este es un mensaje lleno de veracidad. Sin pa\u00f1os calientes. Ha llegado la hora de bajar el souffl\u00e9. Es el momento de afrontar la realidad. Cul\u00e9s, les habla Xavi Hern\u00e1ndez, entrenador del primer equipo blaugrana. Lo mejor es que se mentalicen y sean plenamente conscientes del cambio de dimensi\u00f3n [&hellip;]<\/p>\n","protected":false},"author":0,"featured_media":12151,"comment_status":"","ping_status":"","sticky":false,"template":"","format":"standard","meta":{"_et_pb_use_builder":"","_et_pb_old_content":"","_et_gb_content_width":"","footnotes":""},"categories":[1],"tags":[],"class_list":["post-12150","post","type-post","status-publish","format-standard","has-post-thumbnail","hentry","category-blog","et-has-post-format-content","et_post_format-et-post-format-standard"],"_links":{"self":[{"href":"https:\/\/trayectoriadeportiva.com\/index.php\/wp-json\/wp\/v2\/posts\/12150","targetHints":{"allow":["GET"]}}],"collection":[{"href":"https:\/\/trayectoriadeportiva.com\/index.php\/wp-json\/wp\/v2\/posts"}],"about":[{"href":"https:\/\/trayectoriadeportiva.com\/index.php\/wp-json\/wp\/v2\/types\/post"}],"replies":[{"embeddable":true,"href":"https:\/\/trayectoriadeportiva.com\/index.php\/wp-json\/wp\/v2\/comments?post=12150"}],"version-history":[{"count":0,"href":"https:\/\/trayectoriadeportiva.com\/index.php\/wp-json\/wp\/v2\/posts\/12150\/revisions"}],"wp:featuredmedia":[{"embeddable":true,"href":"https:\/\/trayectoriadeportiva.com\/index.php\/wp-json\/wp\/v2\/media\/12151"}],"wp:attachment":[{"href":"https:\/\/trayectoriadeportiva.com\/index.php\/wp-json\/wp\/v2\/media?parent=12150"}],"wp:term":[{"taxonomy":"category","embeddable":true,"href":"https:\/\/trayectoriadeportiva.com\/index.php\/wp-json\/wp\/v2\/categories?post=12150"},{"taxonomy":"post_tag","embeddable":true,"href":"https:\/\/trayectoriadeportiva.com\/index.php\/wp-json\/wp\/v2\/tags?post=12150"}],"curies":[{"name":"wp","href":"https:\/\/api.w.org\/{rel}","templated":true}]}}