{"id":12238,"date":"2024-05-17T18:08:38","date_gmt":"2024-05-17T18:08:38","guid":{"rendered":"https:\/\/trayectoriadeportiva.com\/index.php\/2024\/05\/17\/giraldez-no-veo-relajacion-en-el-equipo-veo-hambre\/"},"modified":"2024-05-17T18:08:38","modified_gmt":"2024-05-17T18:08:38","slug":"giraldez-no-veo-relajacion-en-el-equipo-veo-hambre","status":"publish","type":"post","link":"https:\/\/trayectoriadeportiva.com\/index.php\/2024\/05\/17\/giraldez-no-veo-relajacion-en-el-equipo-veo-hambre\/","title":{"rendered":"Gir\u00e1ldez: \u201cNo veo relajaci\u00f3n en el equipo, veo hambre\u201d"},"content":{"rendered":"<p>Ni el cartel de favoritos ante la Real Sociedad, ni la proximidad de la final de la Champions ante el Lyon de aqu\u00ed a una semana. A Jonatan Gir\u00e1ldez no le preocupa que su equipo no est\u00e9 enfocado en la final de Copa de ma\u00f1ana ante la Real. \u201cNo veo relajaci\u00f3n. Al contrario, hay mucha hambre, muchas ganas de ganar t\u00edtulos. Veo mucha concentraci\u00f3n, ganas y ambici\u00f3n en este equipo\u201d, dijo Gir\u00e1ldez en la previa.<\/p>\n<p><a href=\"https:\/\/www.lavanguardia.com\/deportes\/futbol-femenino\/20240517\/9654093\/giraldez-veo-relajacion-equipo-veo-hambre.html\">Seguir leyendo&#8230;<\/a><\/p>","protected":false},"excerpt":{"rendered":"<p>Ni el cartel de favoritos ante la Real Sociedad, ni la proximidad de la final de la Champions ante el Lyon de aqu\u00ed a una semana. A Jonatan Gir\u00e1ldez no le preocupa que su equipo no est\u00e9 enfocado en la final de Copa de ma\u00f1ana ante la Real. \u201cNo veo relajaci\u00f3n. Al contrario, hay mucha [&hellip;]<\/p>\n","protected":false},"author":0,"featured_media":12239,"comment_status":"","ping_status":"","sticky":false,"template":"","format":"standard","meta":{"_et_pb_use_builder":"","_et_pb_old_content":"","_et_gb_content_width":"","footnotes":""},"categories":[1],"tags":[],"class_list":["post-12238","post","type-post","status-publish","format-standard","has-post-thumbnail","hentry","category-blog","et-has-post-format-content","et_post_format-et-post-format-standard"],"_links":{"self":[{"href":"https:\/\/trayectoriadeportiva.com\/index.php\/wp-json\/wp\/v2\/posts\/12238","targetHints":{"allow":["GET"]}}],"collection":[{"href":"https:\/\/trayectoriadeportiva.com\/index.php\/wp-json\/wp\/v2\/posts"}],"about":[{"href":"https:\/\/trayectoriadeportiva.com\/index.php\/wp-json\/wp\/v2\/types\/post"}],"replies":[{"embeddable":true,"href":"https:\/\/trayectoriadeportiva.com\/index.php\/wp-json\/wp\/v2\/comments?post=12238"}],"version-history":[{"count":0,"href":"https:\/\/trayectoriadeportiva.com\/index.php\/wp-json\/wp\/v2\/posts\/12238\/revisions"}],"wp:featuredmedia":[{"embeddable":true,"href":"https:\/\/trayectoriadeportiva.com\/index.php\/wp-json\/wp\/v2\/media\/12239"}],"wp:attachment":[{"href":"https:\/\/trayectoriadeportiva.com\/index.php\/wp-json\/wp\/v2\/media?parent=12238"}],"wp:term":[{"taxonomy":"category","embeddable":true,"href":"https:\/\/trayectoriadeportiva.com\/index.php\/wp-json\/wp\/v2\/categories?post=12238"},{"taxonomy":"post_tag","embeddable":true,"href":"https:\/\/trayectoriadeportiva.com\/index.php\/wp-json\/wp\/v2\/tags?post=12238"}],"curies":[{"name":"wp","href":"https:\/\/api.w.org\/{rel}","templated":true}]}}