{"id":12399,"date":"2024-05-20T15:53:54","date_gmt":"2024-05-20T15:53:54","guid":{"rendered":"https:\/\/trayectoriadeportiva.com\/index.php\/2024\/05\/20\/arda-guler-se-gana-seguir-en-el-real-madrid\/"},"modified":"2024-05-20T15:53:54","modified_gmt":"2024-05-20T15:53:54","slug":"arda-guler-se-gana-seguir-en-el-real-madrid","status":"publish","type":"post","link":"https:\/\/trayectoriadeportiva.com\/index.php\/2024\/05\/20\/arda-guler-se-gana-seguir-en-el-real-madrid\/","title":{"rendered":"Arda G\u00fcler se gana seguir en el Real Madrid"},"content":{"rendered":"<p>Arda G\u00fcler se ha ganado la continuidad en el Real Madrid, algo que parec\u00eda del todo imposible en el primer tramo de la temporada, machacado por las lesiones. El jugador, de 19 a\u00f1os, se lesion\u00f3 en el stage de pretemporada en Estados Unidos y no pudo debutar hasta el 7 de enero en la Copa del Rey, cuando jug\u00f3 59 minutos contra la Arandina. Pero su final de Liga ha sido espectacular.\u00a0En los 372 minutos que ha disputado, divididos en diez encuentros, ha anotado en seis ocasiones, es decir ha marcado cada 62 minutos. Seis goles conseguidos con solo siete disparos a puerta.<\/p>\n<p><a href=\"https:\/\/www.lavanguardia.com\/deportes\/real-madrid\/20240520\/9659948\/arda-gueler-gana-seguir-real-madrid.html\">Seguir leyendo&#8230;<\/a><\/p>","protected":false},"excerpt":{"rendered":"<p>Arda G\u00fcler se ha ganado la continuidad en el Real Madrid, algo que parec\u00eda del todo imposible en el primer tramo de la temporada, machacado por las lesiones. El jugador, de 19 a\u00f1os, se lesion\u00f3 en el stage de pretemporada en Estados Unidos y no pudo debutar hasta el 7 de enero en la Copa [&hellip;]<\/p>\n","protected":false},"author":0,"featured_media":12400,"comment_status":"","ping_status":"","sticky":false,"template":"","format":"standard","meta":{"_et_pb_use_builder":"","_et_pb_old_content":"","_et_gb_content_width":"","footnotes":""},"categories":[1],"tags":[],"class_list":["post-12399","post","type-post","status-publish","format-standard","has-post-thumbnail","hentry","category-blog","et-has-post-format-content","et_post_format-et-post-format-standard"],"_links":{"self":[{"href":"https:\/\/trayectoriadeportiva.com\/index.php\/wp-json\/wp\/v2\/posts\/12399","targetHints":{"allow":["GET"]}}],"collection":[{"href":"https:\/\/trayectoriadeportiva.com\/index.php\/wp-json\/wp\/v2\/posts"}],"about":[{"href":"https:\/\/trayectoriadeportiva.com\/index.php\/wp-json\/wp\/v2\/types\/post"}],"replies":[{"embeddable":true,"href":"https:\/\/trayectoriadeportiva.com\/index.php\/wp-json\/wp\/v2\/comments?post=12399"}],"version-history":[{"count":0,"href":"https:\/\/trayectoriadeportiva.com\/index.php\/wp-json\/wp\/v2\/posts\/12399\/revisions"}],"wp:featuredmedia":[{"embeddable":true,"href":"https:\/\/trayectoriadeportiva.com\/index.php\/wp-json\/wp\/v2\/media\/12400"}],"wp:attachment":[{"href":"https:\/\/trayectoriadeportiva.com\/index.php\/wp-json\/wp\/v2\/media?parent=12399"}],"wp:term":[{"taxonomy":"category","embeddable":true,"href":"https:\/\/trayectoriadeportiva.com\/index.php\/wp-json\/wp\/v2\/categories?post=12399"},{"taxonomy":"post_tag","embeddable":true,"href":"https:\/\/trayectoriadeportiva.com\/index.php\/wp-json\/wp\/v2\/tags?post=12399"}],"curies":[{"name":"wp","href":"https:\/\/api.w.org\/{rel}","templated":true}]}}