{"id":12457,"date":"2024-05-22T09:48:25","date_gmt":"2024-05-22T09:48:25","guid":{"rendered":"https:\/\/trayectoriadeportiva.com\/index.php\/2024\/05\/22\/tatum-y-brown-sofocan-la-rebelion-de-los-pacers-para-llevarse-el-primer-partido-de-la-serie\/"},"modified":"2024-05-22T09:48:25","modified_gmt":"2024-05-22T09:48:25","slug":"tatum-y-brown-sofocan-la-rebelion-de-los-pacers-para-llevarse-el-primer-partido-de-la-serie","status":"publish","type":"post","link":"https:\/\/trayectoriadeportiva.com\/index.php\/2024\/05\/22\/tatum-y-brown-sofocan-la-rebelion-de-los-pacers-para-llevarse-el-primer-partido-de-la-serie\/","title":{"rendered":"Tatum y Brown sofocan la rebeli\u00f3n de los Pacers para llevarse el primer partido de la serie"},"content":{"rendered":"<p>Los Celtics, liderados por los Jays, Tatum y Brown, vencieron por 133-128 a los Pacers en el primer partido de las Finales de Conferencia. El encuentro se decidi\u00f3 en la pr\u00f3rroga, despu\u00e9s de que Indiana perdiera una renta de tres puntos y posesi\u00f3n a falta de diez segundos.\u00a0<\/p>\n<p><a href=\"https:\/\/www.lavanguardia.com\/deportes\/baloncesto\/nba\/20240522\/9665054\/tatum-brown-sofocan-rebelion-pacers-llevarse-primer-partido-serie-celtics-nba-wembanyama-gobert-rookie-siakam-haliburton.html\">Seguir leyendo&#8230;<\/a><\/p>","protected":false},"excerpt":{"rendered":"<p>Los Celtics, liderados por los Jays, Tatum y Brown, vencieron por 133-128 a los Pacers en el primer partido de las Finales de Conferencia. El encuentro se decidi\u00f3 en la pr\u00f3rroga, despu\u00e9s de que Indiana perdiera una renta de tres puntos y posesi\u00f3n a falta de diez segundos.\u00a0 Seguir leyendo&#8230;<\/p>\n","protected":false},"author":0,"featured_media":12458,"comment_status":"","ping_status":"","sticky":false,"template":"","format":"standard","meta":{"_et_pb_use_builder":"","_et_pb_old_content":"","_et_gb_content_width":"","footnotes":""},"categories":[1],"tags":[],"class_list":["post-12457","post","type-post","status-publish","format-standard","has-post-thumbnail","hentry","category-blog","et-has-post-format-content","et_post_format-et-post-format-standard"],"_links":{"self":[{"href":"https:\/\/trayectoriadeportiva.com\/index.php\/wp-json\/wp\/v2\/posts\/12457","targetHints":{"allow":["GET"]}}],"collection":[{"href":"https:\/\/trayectoriadeportiva.com\/index.php\/wp-json\/wp\/v2\/posts"}],"about":[{"href":"https:\/\/trayectoriadeportiva.com\/index.php\/wp-json\/wp\/v2\/types\/post"}],"replies":[{"embeddable":true,"href":"https:\/\/trayectoriadeportiva.com\/index.php\/wp-json\/wp\/v2\/comments?post=12457"}],"version-history":[{"count":0,"href":"https:\/\/trayectoriadeportiva.com\/index.php\/wp-json\/wp\/v2\/posts\/12457\/revisions"}],"wp:featuredmedia":[{"embeddable":true,"href":"https:\/\/trayectoriadeportiva.com\/index.php\/wp-json\/wp\/v2\/media\/12458"}],"wp:attachment":[{"href":"https:\/\/trayectoriadeportiva.com\/index.php\/wp-json\/wp\/v2\/media?parent=12457"}],"wp:term":[{"taxonomy":"category","embeddable":true,"href":"https:\/\/trayectoriadeportiva.com\/index.php\/wp-json\/wp\/v2\/categories?post=12457"},{"taxonomy":"post_tag","embeddable":true,"href":"https:\/\/trayectoriadeportiva.com\/index.php\/wp-json\/wp\/v2\/tags?post=12457"}],"curies":[{"name":"wp","href":"https:\/\/api.w.org\/{rel}","templated":true}]}}