{"id":12529,"date":"2024-05-24T09:02:56","date_gmt":"2024-05-24T09:02:56","guid":{"rendered":"https:\/\/trayectoriadeportiva.com\/index.php\/2024\/05\/24\/el-barca-trabaja-para-anunciar-el-fichaje-de-hansi-flick-el-proximo-lunes\/"},"modified":"2024-05-24T09:02:56","modified_gmt":"2024-05-24T09:02:56","slug":"el-barca-trabaja-para-anunciar-el-fichaje-de-hansi-flick-el-proximo-lunes","status":"publish","type":"post","link":"https:\/\/trayectoriadeportiva.com\/index.php\/2024\/05\/24\/el-barca-trabaja-para-anunciar-el-fichaje-de-hansi-flick-el-proximo-lunes\/","title":{"rendered":"El Bar\u00e7a trabaja para anunciar el fichaje de Hansi Flick el pr\u00f3ximo lunes"},"content":{"rendered":"<p>El Bar\u00e7a anunciar\u00e1 el fichaje de Hansi Flick el pr\u00f3ximo lunes, seg\u00fan avanza\u00a0Mundo Deportivo. El entrenador alem\u00e1n, ganador del sextete con el Bayern en el 2020 y exseleccionador de Alemania durante el Mundial de 2022, ser\u00e1 el sustituto de Xavi Hern\u00e1ndez para la temporada que viene.\u00a0<\/p>\n<p><a href=\"https:\/\/www.lavanguardia.com\/deportes\/fc-barcelona\/20240524\/9672822\/barca-anunciara-fichaje-hansi-flick-proximo-lunes-xavi-hernandez-laporta-deco-bayern-alemania.html\">Seguir leyendo&#8230;<\/a><\/p>","protected":false},"excerpt":{"rendered":"<p>El Bar\u00e7a anunciar\u00e1 el fichaje de Hansi Flick el pr\u00f3ximo lunes, seg\u00fan avanza\u00a0Mundo Deportivo. El entrenador alem\u00e1n, ganador del sextete con el Bayern en el 2020 y exseleccionador de Alemania durante el Mundial de 2022, ser\u00e1 el sustituto de Xavi Hern\u00e1ndez para la temporada que viene.\u00a0 Seguir leyendo&#8230;<\/p>\n","protected":false},"author":0,"featured_media":12530,"comment_status":"","ping_status":"","sticky":false,"template":"","format":"standard","meta":{"_et_pb_use_builder":"","_et_pb_old_content":"","_et_gb_content_width":"","footnotes":""},"categories":[1],"tags":[],"class_list":["post-12529","post","type-post","status-publish","format-standard","has-post-thumbnail","hentry","category-blog","et-has-post-format-content","et_post_format-et-post-format-standard"],"_links":{"self":[{"href":"https:\/\/trayectoriadeportiva.com\/index.php\/wp-json\/wp\/v2\/posts\/12529","targetHints":{"allow":["GET"]}}],"collection":[{"href":"https:\/\/trayectoriadeportiva.com\/index.php\/wp-json\/wp\/v2\/posts"}],"about":[{"href":"https:\/\/trayectoriadeportiva.com\/index.php\/wp-json\/wp\/v2\/types\/post"}],"replies":[{"embeddable":true,"href":"https:\/\/trayectoriadeportiva.com\/index.php\/wp-json\/wp\/v2\/comments?post=12529"}],"version-history":[{"count":0,"href":"https:\/\/trayectoriadeportiva.com\/index.php\/wp-json\/wp\/v2\/posts\/12529\/revisions"}],"wp:featuredmedia":[{"embeddable":true,"href":"https:\/\/trayectoriadeportiva.com\/index.php\/wp-json\/wp\/v2\/media\/12530"}],"wp:attachment":[{"href":"https:\/\/trayectoriadeportiva.com\/index.php\/wp-json\/wp\/v2\/media?parent=12529"}],"wp:term":[{"taxonomy":"category","embeddable":true,"href":"https:\/\/trayectoriadeportiva.com\/index.php\/wp-json\/wp\/v2\/categories?post=12529"},{"taxonomy":"post_tag","embeddable":true,"href":"https:\/\/trayectoriadeportiva.com\/index.php\/wp-json\/wp\/v2\/tags?post=12529"}],"curies":[{"name":"wp","href":"https:\/\/api.w.org\/{rel}","templated":true}]}}