{"id":12715,"date":"2024-05-26T21:47:10","date_gmt":"2024-05-26T21:47:10","guid":{"rendered":"https:\/\/trayectoriadeportiva.com\/index.php\/2024\/05\/26\/xavi-no-se-ha-valorado-lo-suficiente-mi-trabajo\/"},"modified":"2024-05-26T21:47:10","modified_gmt":"2024-05-26T21:47:10","slug":"xavi-no-se-ha-valorado-lo-suficiente-mi-trabajo","status":"publish","type":"post","link":"https:\/\/trayectoriadeportiva.com\/index.php\/2024\/05\/26\/xavi-no-se-ha-valorado-lo-suficiente-mi-trabajo\/","title":{"rendered":"Xavi: \u201cNo se ha valorado lo suficiente mi trabajo\u201d"},"content":{"rendered":"<p>Acompa\u00f1ado de los suyos, con la conciencia muy tranquila, manteni\u00e9ndose firme en sus convicciones y con un punto contenido de emoci\u00f3n. El \u00e1lbum de recuerdos de Xavi vivi\u00f3 su \u00faltima p\u00e1gina en Sevilla. Una p\u00e1gina que se sald\u00f3 con un triunfo sin nada en juego y en la que se vio, como en las \u00faltimas dos semanas, abandonado a su suerte por el presidente Laporta, presente en los festejos de las campeonas de Europa.<\/p>\n<p><a href=\"https:\/\/www.lavanguardia.com\/deportes\/20240526\/9678299\/xavi-historia-xavi-hernandez-fermin-lopez-xavi-hernandez.html\">Seguir leyendo&#8230;<\/a><\/p>","protected":false},"excerpt":{"rendered":"<p>Acompa\u00f1ado de los suyos, con la conciencia muy tranquila, manteni\u00e9ndose firme en sus convicciones y con un punto contenido de emoci\u00f3n. El \u00e1lbum de recuerdos de Xavi vivi\u00f3 su \u00faltima p\u00e1gina en Sevilla. Una p\u00e1gina que se sald\u00f3 con un triunfo sin nada en juego y en la que se vio, como en las \u00faltimas [&hellip;]<\/p>\n","protected":false},"author":0,"featured_media":12716,"comment_status":"","ping_status":"","sticky":false,"template":"","format":"standard","meta":{"_et_pb_use_builder":"","_et_pb_old_content":"","_et_gb_content_width":"","footnotes":""},"categories":[1],"tags":[],"class_list":["post-12715","post","type-post","status-publish","format-standard","has-post-thumbnail","hentry","category-blog","et-has-post-format-content","et_post_format-et-post-format-standard"],"_links":{"self":[{"href":"https:\/\/trayectoriadeportiva.com\/index.php\/wp-json\/wp\/v2\/posts\/12715","targetHints":{"allow":["GET"]}}],"collection":[{"href":"https:\/\/trayectoriadeportiva.com\/index.php\/wp-json\/wp\/v2\/posts"}],"about":[{"href":"https:\/\/trayectoriadeportiva.com\/index.php\/wp-json\/wp\/v2\/types\/post"}],"replies":[{"embeddable":true,"href":"https:\/\/trayectoriadeportiva.com\/index.php\/wp-json\/wp\/v2\/comments?post=12715"}],"version-history":[{"count":0,"href":"https:\/\/trayectoriadeportiva.com\/index.php\/wp-json\/wp\/v2\/posts\/12715\/revisions"}],"wp:featuredmedia":[{"embeddable":true,"href":"https:\/\/trayectoriadeportiva.com\/index.php\/wp-json\/wp\/v2\/media\/12716"}],"wp:attachment":[{"href":"https:\/\/trayectoriadeportiva.com\/index.php\/wp-json\/wp\/v2\/media?parent=12715"}],"wp:term":[{"taxonomy":"category","embeddable":true,"href":"https:\/\/trayectoriadeportiva.com\/index.php\/wp-json\/wp\/v2\/categories?post=12715"},{"taxonomy":"post_tag","embeddable":true,"href":"https:\/\/trayectoriadeportiva.com\/index.php\/wp-json\/wp\/v2\/tags?post=12715"}],"curies":[{"name":"wp","href":"https:\/\/api.w.org\/{rel}","templated":true}]}}