{"id":12755,"date":"2024-05-27T15:52:55","date_gmt":"2024-05-27T15:52:55","guid":{"rendered":"https:\/\/trayectoriadeportiva.com\/index.php\/2024\/05\/27\/vinicius-firmo-ganar-la-champions-y-la-copa-america-y-que-el-balon-de-oro-se-lo-den-a-kroos\/"},"modified":"2024-05-27T15:52:55","modified_gmt":"2024-05-27T15:52:55","slug":"vinicius-firmo-ganar-la-champions-y-la-copa-america-y-que-el-balon-de-oro-se-lo-den-a-kroos","status":"publish","type":"post","link":"https:\/\/trayectoriadeportiva.com\/index.php\/2024\/05\/27\/vinicius-firmo-ganar-la-champions-y-la-copa-america-y-que-el-balon-de-oro-se-lo-den-a-kroos\/","title":{"rendered":"Vin\u00edcius: \u201cFirmo ganar la Champions y la Copa Am\u00e9rica y que el Bal\u00f3n de Oro se lo den a Kroos\u201d"},"content":{"rendered":"<p>El Real Madrid celebr\u00f3 hoy en la Ciudad Deportiva de Valdebebas el Media Day, el d\u00eda de puertas abiertas para la prensa, de cara a la final de la Champions del pr\u00f3ximo s\u00e1bado en Wembley ante el Borussia Dortmund. Buena parte de la plantilla del Madrid hizo declaraciones. Vin\u00edcius y Bellingham, claros aspirantes al Bal\u00f3n de Oro si el Madrid gana la Quince, fueron los m\u00e1s buscados: \u201cFirmo ganar la final de la Champions y la Copa Am\u00e9rica, y el Bal\u00f3n de Oro que se lo den a Toni Kroos, que es su \u00faltima temporada\u201d, afirm\u00f3 Vin\u00edcius.<\/p>\n<p><a href=\"https:\/\/www.lavanguardia.com\/deportes\/real-madrid\/20240527\/9680331\/vinicius-firmo-ganar-champions-copa-america-le-den-balon-oro-kroos.html\">Seguir leyendo&#8230;<\/a><\/p>","protected":false},"excerpt":{"rendered":"<p>El Real Madrid celebr\u00f3 hoy en la Ciudad Deportiva de Valdebebas el Media Day, el d\u00eda de puertas abiertas para la prensa, de cara a la final de la Champions del pr\u00f3ximo s\u00e1bado en Wembley ante el Borussia Dortmund. Buena parte de la plantilla del Madrid hizo declaraciones. Vin\u00edcius y Bellingham, claros aspirantes al Bal\u00f3n [&hellip;]<\/p>\n","protected":false},"author":0,"featured_media":12756,"comment_status":"","ping_status":"","sticky":false,"template":"","format":"standard","meta":{"_et_pb_use_builder":"","_et_pb_old_content":"","_et_gb_content_width":"","footnotes":""},"categories":[1],"tags":[],"class_list":["post-12755","post","type-post","status-publish","format-standard","has-post-thumbnail","hentry","category-blog","et-has-post-format-content","et_post_format-et-post-format-standard"],"_links":{"self":[{"href":"https:\/\/trayectoriadeportiva.com\/index.php\/wp-json\/wp\/v2\/posts\/12755","targetHints":{"allow":["GET"]}}],"collection":[{"href":"https:\/\/trayectoriadeportiva.com\/index.php\/wp-json\/wp\/v2\/posts"}],"about":[{"href":"https:\/\/trayectoriadeportiva.com\/index.php\/wp-json\/wp\/v2\/types\/post"}],"replies":[{"embeddable":true,"href":"https:\/\/trayectoriadeportiva.com\/index.php\/wp-json\/wp\/v2\/comments?post=12755"}],"version-history":[{"count":0,"href":"https:\/\/trayectoriadeportiva.com\/index.php\/wp-json\/wp\/v2\/posts\/12755\/revisions"}],"wp:featuredmedia":[{"embeddable":true,"href":"https:\/\/trayectoriadeportiva.com\/index.php\/wp-json\/wp\/v2\/media\/12756"}],"wp:attachment":[{"href":"https:\/\/trayectoriadeportiva.com\/index.php\/wp-json\/wp\/v2\/media?parent=12755"}],"wp:term":[{"taxonomy":"category","embeddable":true,"href":"https:\/\/trayectoriadeportiva.com\/index.php\/wp-json\/wp\/v2\/categories?post=12755"},{"taxonomy":"post_tag","embeddable":true,"href":"https:\/\/trayectoriadeportiva.com\/index.php\/wp-json\/wp\/v2\/tags?post=12755"}],"curies":[{"name":"wp","href":"https:\/\/api.w.org\/{rel}","templated":true}]}}