{"id":12809,"date":"2024-05-29T13:53:39","date_gmt":"2024-05-29T13:53:39","guid":{"rendered":"https:\/\/trayectoriadeportiva.com\/index.php\/2024\/05\/29\/felix-garreta-en-buenas-condiciones-para-afrontar-un-largo-proceso-de-recuperacion\/"},"modified":"2024-05-29T13:53:39","modified_gmt":"2024-05-29T13:53:39","slug":"felix-garreta-en-buenas-condiciones-para-afrontar-un-largo-proceso-de-recuperacion","status":"publish","type":"post","link":"https:\/\/trayectoriadeportiva.com\/index.php\/2024\/05\/29\/felix-garreta-en-buenas-condiciones-para-afrontar-un-largo-proceso-de-recuperacion\/","title":{"rendered":"F\u00e9lix Garreta, en \u201cbuenas condiciones\u201d para afrontar \u201cun largo proceso de recuperaci\u00f3n\u201d"},"content":{"rendered":"<p>Buenas noticias sobre el estado de salud de F\u00e9lix Garreta. El futbolista catal\u00e1n del Amorebieta, <a href=\"https:\/\/www.lavanguardia.com\/deportes\/futbol\/20240509\/9629318\/felix-garreta-central-amorebieta-uci-coma-inducido.html\" target=\"_blank\" rel=\"noopener\">que estuvo en coma inducido tras un accidente dom\u00e9stico <\/a>y abandon\u00f3 la UCI hace seis d\u00edas, ha emitido un comunicado en sus redes sociales para explicar que su recuperaci\u00f3n va por buen camino.\u00a0<\/p>\n<p><a href=\"https:\/\/www.lavanguardia.com\/deportes\/futbol\/20240529\/9686360\/felix-garreta-buenas-condiciones-afrontar-proceso-recuperacion-betis-amorebieta.html\">Seguir leyendo&#8230;<\/a><\/p>","protected":false},"excerpt":{"rendered":"<p>Buenas noticias sobre el estado de salud de F\u00e9lix Garreta. El futbolista catal\u00e1n del Amorebieta, que estuvo en coma inducido tras un accidente dom\u00e9stico y abandon\u00f3 la UCI hace seis d\u00edas, ha emitido un comunicado en sus redes sociales para explicar que su recuperaci\u00f3n va por buen camino.\u00a0 Seguir leyendo&#8230;<\/p>\n","protected":false},"author":0,"featured_media":12810,"comment_status":"","ping_status":"","sticky":false,"template":"","format":"standard","meta":{"_et_pb_use_builder":"","_et_pb_old_content":"","_et_gb_content_width":"","footnotes":""},"categories":[1],"tags":[],"class_list":["post-12809","post","type-post","status-publish","format-standard","has-post-thumbnail","hentry","category-blog","et-has-post-format-content","et_post_format-et-post-format-standard"],"_links":{"self":[{"href":"https:\/\/trayectoriadeportiva.com\/index.php\/wp-json\/wp\/v2\/posts\/12809","targetHints":{"allow":["GET"]}}],"collection":[{"href":"https:\/\/trayectoriadeportiva.com\/index.php\/wp-json\/wp\/v2\/posts"}],"about":[{"href":"https:\/\/trayectoriadeportiva.com\/index.php\/wp-json\/wp\/v2\/types\/post"}],"replies":[{"embeddable":true,"href":"https:\/\/trayectoriadeportiva.com\/index.php\/wp-json\/wp\/v2\/comments?post=12809"}],"version-history":[{"count":0,"href":"https:\/\/trayectoriadeportiva.com\/index.php\/wp-json\/wp\/v2\/posts\/12809\/revisions"}],"wp:featuredmedia":[{"embeddable":true,"href":"https:\/\/trayectoriadeportiva.com\/index.php\/wp-json\/wp\/v2\/media\/12810"}],"wp:attachment":[{"href":"https:\/\/trayectoriadeportiva.com\/index.php\/wp-json\/wp\/v2\/media?parent=12809"}],"wp:term":[{"taxonomy":"category","embeddable":true,"href":"https:\/\/trayectoriadeportiva.com\/index.php\/wp-json\/wp\/v2\/categories?post=12809"},{"taxonomy":"post_tag","embeddable":true,"href":"https:\/\/trayectoriadeportiva.com\/index.php\/wp-json\/wp\/v2\/tags?post=12809"}],"curies":[{"name":"wp","href":"https:\/\/api.w.org\/{rel}","templated":true}]}}