{"id":12895,"date":"2024-05-31T23:14:24","date_gmt":"2024-05-31T23:14:24","guid":{"rendered":"https:\/\/trayectoriadeportiva.com\/index.php\/2024\/05\/31\/aplazado-el-combate-de-boxeo-entre-mike-tyson-y-el-youtuber-jake-paul-para-este-verano\/"},"modified":"2024-05-31T23:14:24","modified_gmt":"2024-05-31T23:14:24","slug":"aplazado-el-combate-de-boxeo-entre-mike-tyson-y-el-youtuber-jake-paul-para-este-verano","status":"publish","type":"post","link":"https:\/\/trayectoriadeportiva.com\/index.php\/2024\/05\/31\/aplazado-el-combate-de-boxeo-entre-mike-tyson-y-el-youtuber-jake-paul-para-este-verano\/","title":{"rendered":"Aplazado el combate de boxeo entre Mike Tyson y el youtuber Jake Paul para este verano"},"content":{"rendered":"<p>La pelea entre el exboxeador Mike Tyson y el youtuber Jake Paul ser\u00e1 pospuesta debido a un problema con una \u00falcera que sufri\u00f3 el antiguo campe\u00f3n del mundo durante un vuelo.<\/p>\n<p><a href=\"https:\/\/www.lavanguardia.com\/deportes\/otros-deportes\/20240601\/9695972\/aplazado-combate-boxeo-mike-tyson-youtuber-jake-paul-verano.html\">Seguir leyendo&#8230;<\/a><\/p>","protected":false},"excerpt":{"rendered":"<p>La pelea entre el exboxeador Mike Tyson y el youtuber Jake Paul ser\u00e1 pospuesta debido a un problema con una \u00falcera que sufri\u00f3 el antiguo campe\u00f3n del mundo durante un vuelo. Seguir leyendo&#8230;<\/p>\n","protected":false},"author":0,"featured_media":12896,"comment_status":"","ping_status":"","sticky":false,"template":"","format":"standard","meta":{"_et_pb_use_builder":"","_et_pb_old_content":"","_et_gb_content_width":"","footnotes":""},"categories":[1],"tags":[],"class_list":["post-12895","post","type-post","status-publish","format-standard","has-post-thumbnail","hentry","category-blog","et-has-post-format-content","et_post_format-et-post-format-standard"],"_links":{"self":[{"href":"https:\/\/trayectoriadeportiva.com\/index.php\/wp-json\/wp\/v2\/posts\/12895","targetHints":{"allow":["GET"]}}],"collection":[{"href":"https:\/\/trayectoriadeportiva.com\/index.php\/wp-json\/wp\/v2\/posts"}],"about":[{"href":"https:\/\/trayectoriadeportiva.com\/index.php\/wp-json\/wp\/v2\/types\/post"}],"replies":[{"embeddable":true,"href":"https:\/\/trayectoriadeportiva.com\/index.php\/wp-json\/wp\/v2\/comments?post=12895"}],"version-history":[{"count":0,"href":"https:\/\/trayectoriadeportiva.com\/index.php\/wp-json\/wp\/v2\/posts\/12895\/revisions"}],"wp:featuredmedia":[{"embeddable":true,"href":"https:\/\/trayectoriadeportiva.com\/index.php\/wp-json\/wp\/v2\/media\/12896"}],"wp:attachment":[{"href":"https:\/\/trayectoriadeportiva.com\/index.php\/wp-json\/wp\/v2\/media?parent=12895"}],"wp:term":[{"taxonomy":"category","embeddable":true,"href":"https:\/\/trayectoriadeportiva.com\/index.php\/wp-json\/wp\/v2\/categories?post=12895"},{"taxonomy":"post_tag","embeddable":true,"href":"https:\/\/trayectoriadeportiva.com\/index.php\/wp-json\/wp\/v2\/tags?post=12895"}],"curies":[{"name":"wp","href":"https:\/\/api.w.org\/{rel}","templated":true}]}}