{"id":12980,"date":"2024-06-02T12:53:16","date_gmt":"2024-06-02T12:53:16","guid":{"rendered":"https:\/\/trayectoriadeportiva.com\/index.php\/2024\/06\/02\/una-salida-brutal-da-a-bagnaia-el-doblete-en-mugello\/"},"modified":"2024-06-02T12:53:16","modified_gmt":"2024-06-02T12:53:16","slug":"una-salida-brutal-da-a-bagnaia-el-doblete-en-mugello","status":"publish","type":"post","link":"https:\/\/trayectoriadeportiva.com\/index.php\/2024\/06\/02\/una-salida-brutal-da-a-bagnaia-el-doblete-en-mugello\/","title":{"rendered":"Una salida brutal da a Bagnaia el &#8216;doblete&#8217; en Mugello"},"content":{"rendered":"<p>La carrera de Mugello, s\u00e9ptima del a\u00f1o, tuvo sabor completamente italiano. Pecco Bagnaia se marc\u00f3 la heroicidad de llevarse un doblete en el GP de Italia, victorias en la Sprint y en la carrera dominical, con una salida brutal, de 5.\u00ba a 1.\u00ba en dos curvas, y su compa\u00f1ero Enea Bastianini se reivindic\u00f3 y le ech\u00f3 una mano con el segundo puesto, fastidiando a Jorge Mart\u00edn (3.\u00ba) y Marc M\u00e1rquez (4.\u00ba).<\/p>\n<p><a href=\"https:\/\/www.lavanguardia.com\/deportes\/motociclismo\/20240602\/9698370\/motogp-gp-italia-mugello-carrera-resumen-victoria-bagnaia-martin-tercero-marquez-cuarto.html\">Seguir leyendo&#8230;<\/a><\/p>","protected":false},"excerpt":{"rendered":"<p>La carrera de Mugello, s\u00e9ptima del a\u00f1o, tuvo sabor completamente italiano. Pecco Bagnaia se marc\u00f3 la heroicidad de llevarse un doblete en el GP de Italia, victorias en la Sprint y en la carrera dominical, con una salida brutal, de 5.\u00ba a 1.\u00ba en dos curvas, y su compa\u00f1ero Enea Bastianini se reivindic\u00f3 y le [&hellip;]<\/p>\n","protected":false},"author":0,"featured_media":12981,"comment_status":"","ping_status":"","sticky":false,"template":"","format":"standard","meta":{"_et_pb_use_builder":"","_et_pb_old_content":"","_et_gb_content_width":"","footnotes":""},"categories":[1],"tags":[],"class_list":["post-12980","post","type-post","status-publish","format-standard","has-post-thumbnail","hentry","category-blog","et-has-post-format-content","et_post_format-et-post-format-standard"],"_links":{"self":[{"href":"https:\/\/trayectoriadeportiva.com\/index.php\/wp-json\/wp\/v2\/posts\/12980","targetHints":{"allow":["GET"]}}],"collection":[{"href":"https:\/\/trayectoriadeportiva.com\/index.php\/wp-json\/wp\/v2\/posts"}],"about":[{"href":"https:\/\/trayectoriadeportiva.com\/index.php\/wp-json\/wp\/v2\/types\/post"}],"replies":[{"embeddable":true,"href":"https:\/\/trayectoriadeportiva.com\/index.php\/wp-json\/wp\/v2\/comments?post=12980"}],"version-history":[{"count":0,"href":"https:\/\/trayectoriadeportiva.com\/index.php\/wp-json\/wp\/v2\/posts\/12980\/revisions"}],"wp:featuredmedia":[{"embeddable":true,"href":"https:\/\/trayectoriadeportiva.com\/index.php\/wp-json\/wp\/v2\/media\/12981"}],"wp:attachment":[{"href":"https:\/\/trayectoriadeportiva.com\/index.php\/wp-json\/wp\/v2\/media?parent=12980"}],"wp:term":[{"taxonomy":"category","embeddable":true,"href":"https:\/\/trayectoriadeportiva.com\/index.php\/wp-json\/wp\/v2\/categories?post=12980"},{"taxonomy":"post_tag","embeddable":true,"href":"https:\/\/trayectoriadeportiva.com\/index.php\/wp-json\/wp\/v2\/tags?post=12980"}],"curies":[{"name":"wp","href":"https:\/\/api.w.org\/{rel}","templated":true}]}}