{"id":13071,"date":"2024-06-04T08:19:37","date_gmt":"2024-06-04T08:19:37","guid":{"rendered":"https:\/\/trayectoriadeportiva.com\/index.php\/2024\/06\/04\/10-imagenes-iconicas-de-kylian-mbappe\/"},"modified":"2024-06-04T08:19:37","modified_gmt":"2024-06-04T08:19:37","slug":"10-imagenes-iconicas-de-kylian-mbappe","status":"publish","type":"post","link":"https:\/\/trayectoriadeportiva.com\/index.php\/2024\/06\/04\/10-imagenes-iconicas-de-kylian-mbappe\/","title":{"rendered":"10 im\u00e1genes ic\u00f3nicas de Kylian Mbapp\u00e9"},"content":{"rendered":"<p>Kylian Mbapp\u00e9 ya es oficialmente <a href=\"https:\/\/www.lavanguardia.com\/deportes\/real-madrid\/20240603\/9700512\/real-madrid-oficial-fichaje-mbappe.html\">jugador del Real Madrid<\/a>. El delantero franc\u00e9s llega al club blanco libre y ha firmado contrato para las pr\u00f3ximas cinco temporadas.<\/p>\n<p><a href=\"https:\/\/www.lavanguardia.com\/deportes\/futbol\/20240604\/9703153\/kylian-mbappe-futbolista-imagenes-carrera-psg-francia.html\">Seguir leyendo&#8230;<\/a><\/p>","protected":false},"excerpt":{"rendered":"<p>Kylian Mbapp\u00e9 ya es oficialmente jugador del Real Madrid. El delantero franc\u00e9s llega al club blanco libre y ha firmado contrato para las pr\u00f3ximas cinco temporadas. Seguir leyendo&#8230;<\/p>\n","protected":false},"author":0,"featured_media":13072,"comment_status":"","ping_status":"","sticky":false,"template":"","format":"standard","meta":{"_et_pb_use_builder":"","_et_pb_old_content":"","_et_gb_content_width":"","footnotes":""},"categories":[1],"tags":[],"class_list":["post-13071","post","type-post","status-publish","format-standard","has-post-thumbnail","hentry","category-blog","et-has-post-format-content","et_post_format-et-post-format-standard"],"_links":{"self":[{"href":"https:\/\/trayectoriadeportiva.com\/index.php\/wp-json\/wp\/v2\/posts\/13071","targetHints":{"allow":["GET"]}}],"collection":[{"href":"https:\/\/trayectoriadeportiva.com\/index.php\/wp-json\/wp\/v2\/posts"}],"about":[{"href":"https:\/\/trayectoriadeportiva.com\/index.php\/wp-json\/wp\/v2\/types\/post"}],"replies":[{"embeddable":true,"href":"https:\/\/trayectoriadeportiva.com\/index.php\/wp-json\/wp\/v2\/comments?post=13071"}],"version-history":[{"count":0,"href":"https:\/\/trayectoriadeportiva.com\/index.php\/wp-json\/wp\/v2\/posts\/13071\/revisions"}],"wp:featuredmedia":[{"embeddable":true,"href":"https:\/\/trayectoriadeportiva.com\/index.php\/wp-json\/wp\/v2\/media\/13072"}],"wp:attachment":[{"href":"https:\/\/trayectoriadeportiva.com\/index.php\/wp-json\/wp\/v2\/media?parent=13071"}],"wp:term":[{"taxonomy":"category","embeddable":true,"href":"https:\/\/trayectoriadeportiva.com\/index.php\/wp-json\/wp\/v2\/categories?post=13071"},{"taxonomy":"post_tag","embeddable":true,"href":"https:\/\/trayectoriadeportiva.com\/index.php\/wp-json\/wp\/v2\/tags?post=13071"}],"curies":[{"name":"wp","href":"https:\/\/api.w.org\/{rel}","templated":true}]}}