{"id":13103,"date":"2024-06-05T04:00:00","date_gmt":"2024-06-05T04:00:00","guid":{"rendered":"https:\/\/trayectoriadeportiva.com\/index.php\/2024\/06\/05\/mbappe-y-la-gestion-de-egos\/"},"modified":"2024-06-05T04:00:00","modified_gmt":"2024-06-05T04:00:00","slug":"mbappe-y-la-gestion-de-egos","status":"publish","type":"post","link":"https:\/\/trayectoriadeportiva.com\/index.php\/2024\/06\/05\/mbappe-y-la-gestion-de-egos\/","title":{"rendered":"Mbapp\u00e9 y la gesti\u00f3n de egos"},"content":{"rendered":"<p>El f\u00fatbol es la carta a los Reyes Magos de los adultos y que no decaiga la ilusi\u00f3n. De ah\u00ed una corriente en el seno del barcelonismo que comenta <a href=\"https:\/\/www.lavanguardia.com\/deportes\/real-madrid\/20240603\/9700512\/real-madrid-oficial-fichaje-mbappe.html\">el fichaje de Mbapp\u00e9 por el Real Madrid<\/a> como un tiro al pie, convencidos de que sus compa\u00f1eros le har\u00e1n la cama, no le pasar\u00e1n balones y todo terminar\u00e1 como el rosario de la aurora.<\/p>\n<p><a href=\"https:\/\/www.lavanguardia.com\/deportes\/futbol\/20240605\/9706077\/mbappe-gestion-egos.html\">Seguir leyendo&#8230;<\/a><\/p>","protected":false},"excerpt":{"rendered":"<p>El f\u00fatbol es la carta a los Reyes Magos de los adultos y que no decaiga la ilusi\u00f3n. De ah\u00ed una corriente en el seno del barcelonismo que comenta el fichaje de Mbapp\u00e9 por el Real Madrid como un tiro al pie, convencidos de que sus compa\u00f1eros le har\u00e1n la cama, no le pasar\u00e1n balones [&hellip;]<\/p>\n","protected":false},"author":0,"featured_media":13104,"comment_status":"","ping_status":"","sticky":false,"template":"","format":"standard","meta":{"_et_pb_use_builder":"","_et_pb_old_content":"","_et_gb_content_width":"","footnotes":""},"categories":[1],"tags":[],"class_list":["post-13103","post","type-post","status-publish","format-standard","has-post-thumbnail","hentry","category-blog","et-has-post-format-content","et_post_format-et-post-format-standard"],"_links":{"self":[{"href":"https:\/\/trayectoriadeportiva.com\/index.php\/wp-json\/wp\/v2\/posts\/13103","targetHints":{"allow":["GET"]}}],"collection":[{"href":"https:\/\/trayectoriadeportiva.com\/index.php\/wp-json\/wp\/v2\/posts"}],"about":[{"href":"https:\/\/trayectoriadeportiva.com\/index.php\/wp-json\/wp\/v2\/types\/post"}],"replies":[{"embeddable":true,"href":"https:\/\/trayectoriadeportiva.com\/index.php\/wp-json\/wp\/v2\/comments?post=13103"}],"version-history":[{"count":0,"href":"https:\/\/trayectoriadeportiva.com\/index.php\/wp-json\/wp\/v2\/posts\/13103\/revisions"}],"wp:featuredmedia":[{"embeddable":true,"href":"https:\/\/trayectoriadeportiva.com\/index.php\/wp-json\/wp\/v2\/media\/13104"}],"wp:attachment":[{"href":"https:\/\/trayectoriadeportiva.com\/index.php\/wp-json\/wp\/v2\/media?parent=13103"}],"wp:term":[{"taxonomy":"category","embeddable":true,"href":"https:\/\/trayectoriadeportiva.com\/index.php\/wp-json\/wp\/v2\/categories?post=13103"},{"taxonomy":"post_tag","embeddable":true,"href":"https:\/\/trayectoriadeportiva.com\/index.php\/wp-json\/wp\/v2\/tags?post=13103"}],"curies":[{"name":"wp","href":"https:\/\/api.w.org\/{rel}","templated":true}]}}