{"id":1324,"date":"2023-10-16T04:00:00","date_gmt":"2023-10-16T04:00:00","guid":{"rendered":"https:\/\/trayectoriadeportiva.com\/index.php\/2023\/10\/16\/el-bayer-de-xabi-alonso\/"},"modified":"2023-10-16T04:00:00","modified_gmt":"2023-10-16T04:00:00","slug":"el-bayer-de-xabi-alonso","status":"publish","type":"post","link":"https:\/\/trayectoriadeportiva.com\/index.php\/2023\/10\/16\/el-bayer-de-xabi-alonso\/","title":{"rendered":"El Bayer de Xabi Alonso"},"content":{"rendered":"<p>El Bayer Leverkusen es el equipo de moda en Alemania, el l\u00edder de la Bundesliga con 19 puntos tras siete jornadas con uno m\u00e1s que el Stuttgart y dos m\u00e1s que el todopoderoso Bayern de Munich. Conocido por los aficionados como el equipo de la aspirina, vive un momento de esplendor entrenado desde octubre del a\u00f1o pasado por el tolosarra Xabi Alonso, que le ha dotado de una identidad especial y posiblemente practica ahora mismo el f\u00fatbol m\u00e1s atractivo de toda Alemania.<\/p>\n<p><a href=\"https:\/\/www.lavanguardia.com\/deportes\/futbol\/20231016\/9301964\/bayer-xabi-alonso.html\">Seguir leyendo&#8230;<\/a><\/p>","protected":false},"excerpt":{"rendered":"<p>El Bayer Leverkusen es el equipo de moda en Alemania, el l\u00edder de la Bundesliga con 19 puntos tras siete jornadas con uno m\u00e1s que el Stuttgart y dos m\u00e1s que el todopoderoso Bayern de Munich. Conocido por los aficionados como el equipo de la aspirina, vive un momento de esplendor entrenado desde octubre del [&hellip;]<\/p>\n","protected":false},"author":0,"featured_media":1325,"comment_status":"","ping_status":"","sticky":false,"template":"","format":"standard","meta":{"_et_pb_use_builder":"","_et_pb_old_content":"","_et_gb_content_width":"","footnotes":""},"categories":[1],"tags":[],"class_list":["post-1324","post","type-post","status-publish","format-standard","has-post-thumbnail","hentry","category-blog","et-has-post-format-content","et_post_format-et-post-format-standard"],"_links":{"self":[{"href":"https:\/\/trayectoriadeportiva.com\/index.php\/wp-json\/wp\/v2\/posts\/1324","targetHints":{"allow":["GET"]}}],"collection":[{"href":"https:\/\/trayectoriadeportiva.com\/index.php\/wp-json\/wp\/v2\/posts"}],"about":[{"href":"https:\/\/trayectoriadeportiva.com\/index.php\/wp-json\/wp\/v2\/types\/post"}],"replies":[{"embeddable":true,"href":"https:\/\/trayectoriadeportiva.com\/index.php\/wp-json\/wp\/v2\/comments?post=1324"}],"version-history":[{"count":0,"href":"https:\/\/trayectoriadeportiva.com\/index.php\/wp-json\/wp\/v2\/posts\/1324\/revisions"}],"wp:featuredmedia":[{"embeddable":true,"href":"https:\/\/trayectoriadeportiva.com\/index.php\/wp-json\/wp\/v2\/media\/1325"}],"wp:attachment":[{"href":"https:\/\/trayectoriadeportiva.com\/index.php\/wp-json\/wp\/v2\/media?parent=1324"}],"wp:term":[{"taxonomy":"category","embeddable":true,"href":"https:\/\/trayectoriadeportiva.com\/index.php\/wp-json\/wp\/v2\/categories?post=1324"},{"taxonomy":"post_tag","embeddable":true,"href":"https:\/\/trayectoriadeportiva.com\/index.php\/wp-json\/wp\/v2\/tags?post=1324"}],"curies":[{"name":"wp","href":"https:\/\/api.w.org\/{rel}","templated":true}]}}