{"id":13307,"date":"2024-06-10T04:00:00","date_gmt":"2024-06-10T04:00:00","guid":{"rendered":"https:\/\/trayectoriadeportiva.com\/index.php\/2024\/06\/10\/aurora-cata-la-copa-del-america-traera-a-barcelona-el-perfil-de-turismo-que-necesita\/"},"modified":"2024-06-10T04:00:00","modified_gmt":"2024-06-10T04:00:00","slug":"aurora-cata-la-copa-del-america-traera-a-barcelona-el-perfil-de-turismo-que-necesita","status":"publish","type":"post","link":"https:\/\/trayectoriadeportiva.com\/index.php\/2024\/06\/10\/aurora-cata-la-copa-del-america-traera-a-barcelona-el-perfil-de-turismo-que-necesita\/","title":{"rendered":"Aurora Cat\u00e0: \u201cLa Copa del Am\u00e9rica traer\u00e1 a Barcelona el perfil de turismo que necesita\u201d"},"content":{"rendered":"<p>Barcelona (EFE).- La vicepresidenta de la empresa organizadora de la Copa del Am\u00e9rica de Vela, Aurora Cat\u00e0, considera que esta prestigiosa competici\u00f3n de vela va a traer el perfil de turismo que necesita Barcelona.<\/p>\n<p><a href=\"https:\/\/www.lavanguardia.com\/deportes\/vela\/20240610\/9718457\/vicepresidenta-copa-america-traera-barcelona-perfil-turismo-necesita-agenciaslv20240608.html\">Seguir leyendo&#8230;<\/a><\/p>","protected":false},"excerpt":{"rendered":"<p>Barcelona (EFE).- La vicepresidenta de la empresa organizadora de la Copa del Am\u00e9rica de Vela, Aurora Cat\u00e0, considera que esta prestigiosa competici\u00f3n de vela va a traer el perfil de turismo que necesita Barcelona. Seguir leyendo&#8230;<\/p>\n","protected":false},"author":0,"featured_media":13308,"comment_status":"","ping_status":"","sticky":false,"template":"","format":"standard","meta":{"_et_pb_use_builder":"","_et_pb_old_content":"","_et_gb_content_width":"","footnotes":""},"categories":[1],"tags":[],"class_list":["post-13307","post","type-post","status-publish","format-standard","has-post-thumbnail","hentry","category-blog","et-has-post-format-content","et_post_format-et-post-format-standard"],"_links":{"self":[{"href":"https:\/\/trayectoriadeportiva.com\/index.php\/wp-json\/wp\/v2\/posts\/13307","targetHints":{"allow":["GET"]}}],"collection":[{"href":"https:\/\/trayectoriadeportiva.com\/index.php\/wp-json\/wp\/v2\/posts"}],"about":[{"href":"https:\/\/trayectoriadeportiva.com\/index.php\/wp-json\/wp\/v2\/types\/post"}],"replies":[{"embeddable":true,"href":"https:\/\/trayectoriadeportiva.com\/index.php\/wp-json\/wp\/v2\/comments?post=13307"}],"version-history":[{"count":0,"href":"https:\/\/trayectoriadeportiva.com\/index.php\/wp-json\/wp\/v2\/posts\/13307\/revisions"}],"wp:featuredmedia":[{"embeddable":true,"href":"https:\/\/trayectoriadeportiva.com\/index.php\/wp-json\/wp\/v2\/media\/13308"}],"wp:attachment":[{"href":"https:\/\/trayectoriadeportiva.com\/index.php\/wp-json\/wp\/v2\/media?parent=13307"}],"wp:term":[{"taxonomy":"category","embeddable":true,"href":"https:\/\/trayectoriadeportiva.com\/index.php\/wp-json\/wp\/v2\/categories?post=13307"},{"taxonomy":"post_tag","embeddable":true,"href":"https:\/\/trayectoriadeportiva.com\/index.php\/wp-json\/wp\/v2\/tags?post=13307"}],"curies":[{"name":"wp","href":"https:\/\/api.w.org\/{rel}","templated":true}]}}