{"id":1334,"date":"2023-10-16T13:16:24","date_gmt":"2023-10-16T13:16:24","guid":{"rendered":"https:\/\/trayectoriadeportiva.com\/index.php\/2023\/10\/16\/nacho-podra-jugar-el-clasico\/"},"modified":"2023-10-16T13:16:24","modified_gmt":"2023-10-16T13:16:24","slug":"nacho-podra-jugar-el-clasico","status":"publish","type":"post","link":"https:\/\/trayectoriadeportiva.com\/index.php\/2023\/10\/16\/nacho-podra-jugar-el-clasico\/","title":{"rendered":"Nacho podr\u00e1 jugar el cl\u00e1sico"},"content":{"rendered":"<p>Nacho, el capit\u00e1n del Real Madrid, podr\u00e1 jugar finalmente el cl\u00e1sico del pr\u00f3ximo 28 de octubre en el Camp Nou si Carlo Ancelotti as\u00ed lo dispone despu\u00e9s de que esta tarde el Comit\u00e9 de Apelaci\u00f3n le haya dejado su sanci\u00f3n en dos partidos, rebaj\u00e1ndole en uno los tres que le impuso Competici\u00f3n por la roja que vio en Montilivi por su entrada a Portu en el a\u00f1adido del Girona-Real Madrid.<\/p>\n<p><a href=\"https:\/\/www.lavanguardia.com\/deportes\/real-madrid\/20231016\/9303989\/nacho-podra-jugar-clasico.html\">Seguir leyendo&#8230;<\/a><\/p>","protected":false},"excerpt":{"rendered":"<p>Nacho, el capit\u00e1n del Real Madrid, podr\u00e1 jugar finalmente el cl\u00e1sico del pr\u00f3ximo 28 de octubre en el Camp Nou si Carlo Ancelotti as\u00ed lo dispone despu\u00e9s de que esta tarde el Comit\u00e9 de Apelaci\u00f3n le haya dejado su sanci\u00f3n en dos partidos, rebaj\u00e1ndole en uno los tres que le impuso Competici\u00f3n por la roja [&hellip;]<\/p>\n","protected":false},"author":0,"featured_media":1335,"comment_status":"","ping_status":"","sticky":false,"template":"","format":"standard","meta":{"_et_pb_use_builder":"","_et_pb_old_content":"","_et_gb_content_width":"","footnotes":""},"categories":[1],"tags":[],"class_list":["post-1334","post","type-post","status-publish","format-standard","has-post-thumbnail","hentry","category-blog","et-has-post-format-content","et_post_format-et-post-format-standard"],"_links":{"self":[{"href":"https:\/\/trayectoriadeportiva.com\/index.php\/wp-json\/wp\/v2\/posts\/1334","targetHints":{"allow":["GET"]}}],"collection":[{"href":"https:\/\/trayectoriadeportiva.com\/index.php\/wp-json\/wp\/v2\/posts"}],"about":[{"href":"https:\/\/trayectoriadeportiva.com\/index.php\/wp-json\/wp\/v2\/types\/post"}],"replies":[{"embeddable":true,"href":"https:\/\/trayectoriadeportiva.com\/index.php\/wp-json\/wp\/v2\/comments?post=1334"}],"version-history":[{"count":0,"href":"https:\/\/trayectoriadeportiva.com\/index.php\/wp-json\/wp\/v2\/posts\/1334\/revisions"}],"wp:featuredmedia":[{"embeddable":true,"href":"https:\/\/trayectoriadeportiva.com\/index.php\/wp-json\/wp\/v2\/media\/1335"}],"wp:attachment":[{"href":"https:\/\/trayectoriadeportiva.com\/index.php\/wp-json\/wp\/v2\/media?parent=1334"}],"wp:term":[{"taxonomy":"category","embeddable":true,"href":"https:\/\/trayectoriadeportiva.com\/index.php\/wp-json\/wp\/v2\/categories?post=1334"},{"taxonomy":"post_tag","embeddable":true,"href":"https:\/\/trayectoriadeportiva.com\/index.php\/wp-json\/wp\/v2\/tags?post=1334"}],"curies":[{"name":"wp","href":"https:\/\/api.w.org\/{rel}","templated":true}]}}