{"id":13415,"date":"2024-06-13T04:00:00","date_gmt":"2024-06-13T04:00:00","guid":{"rendered":"https:\/\/trayectoriadeportiva.com\/index.php\/2024\/06\/13\/lamine-yamal-y-nico-williams-las-balas-de-espana\/"},"modified":"2024-06-13T04:00:00","modified_gmt":"2024-06-13T04:00:00","slug":"lamine-yamal-y-nico-williams-las-balas-de-espana","status":"publish","type":"post","link":"https:\/\/trayectoriadeportiva.com\/index.php\/2024\/06\/13\/lamine-yamal-y-nico-williams-las-balas-de-espana\/","title":{"rendered":"Lamine Yamal y Nico Williams: las balas de Espa\u00f1a"},"content":{"rendered":"<p>Alegr\u00eda y desparpajo. Los nuevos extremos de Espa\u00f1a parecen una bendici\u00f3n. Crecen y crecen Nico Williams y Lamine Yamal bajo el paraguas de la selecci\u00f3n espa\u00f1ola, donde Luis de la Fuente les ha dado la confianza para marcar el paso en ataque. El primero, con 21 a\u00f1os, y el segundo, con sus insultantes 16, se han convertido por m\u00e9ritos propios en el principal argumento ofensivo de la roja con el debut en la Eurocopa asomando al final del pasillo.<\/p>\n<p><a href=\"https:\/\/www.lavanguardia.com\/deportes\/20240613\/9727986\/yamal-williams-balas-espana-eurocopa.html\">Seguir leyendo&#8230;<\/a><\/p>","protected":false},"excerpt":{"rendered":"<p>Alegr\u00eda y desparpajo. Los nuevos extremos de Espa\u00f1a parecen una bendici\u00f3n. Crecen y crecen Nico Williams y Lamine Yamal bajo el paraguas de la selecci\u00f3n espa\u00f1ola, donde Luis de la Fuente les ha dado la confianza para marcar el paso en ataque. El primero, con 21 a\u00f1os, y el segundo, con sus insultantes 16, se [&hellip;]<\/p>\n","protected":false},"author":0,"featured_media":13416,"comment_status":"","ping_status":"","sticky":false,"template":"","format":"standard","meta":{"_et_pb_use_builder":"","_et_pb_old_content":"","_et_gb_content_width":"","footnotes":""},"categories":[1],"tags":[],"class_list":["post-13415","post","type-post","status-publish","format-standard","has-post-thumbnail","hentry","category-blog","et-has-post-format-content","et_post_format-et-post-format-standard"],"_links":{"self":[{"href":"https:\/\/trayectoriadeportiva.com\/index.php\/wp-json\/wp\/v2\/posts\/13415","targetHints":{"allow":["GET"]}}],"collection":[{"href":"https:\/\/trayectoriadeportiva.com\/index.php\/wp-json\/wp\/v2\/posts"}],"about":[{"href":"https:\/\/trayectoriadeportiva.com\/index.php\/wp-json\/wp\/v2\/types\/post"}],"replies":[{"embeddable":true,"href":"https:\/\/trayectoriadeportiva.com\/index.php\/wp-json\/wp\/v2\/comments?post=13415"}],"version-history":[{"count":0,"href":"https:\/\/trayectoriadeportiva.com\/index.php\/wp-json\/wp\/v2\/posts\/13415\/revisions"}],"wp:featuredmedia":[{"embeddable":true,"href":"https:\/\/trayectoriadeportiva.com\/index.php\/wp-json\/wp\/v2\/media\/13416"}],"wp:attachment":[{"href":"https:\/\/trayectoriadeportiva.com\/index.php\/wp-json\/wp\/v2\/media?parent=13415"}],"wp:term":[{"taxonomy":"category","embeddable":true,"href":"https:\/\/trayectoriadeportiva.com\/index.php\/wp-json\/wp\/v2\/categories?post=13415"},{"taxonomy":"post_tag","embeddable":true,"href":"https:\/\/trayectoriadeportiva.com\/index.php\/wp-json\/wp\/v2\/tags?post=13415"}],"curies":[{"name":"wp","href":"https:\/\/api.w.org\/{rel}","templated":true}]}}