{"id":13431,"date":"2024-06-13T11:32:19","date_gmt":"2024-06-13T11:32:19","guid":{"rendered":"https:\/\/trayectoriadeportiva.com\/index.php\/2024\/06\/13\/dani-olmo-y-su-futuro-estoy-abierto-a-lo-que-pueda-pasar\/"},"modified":"2024-06-13T11:32:19","modified_gmt":"2024-06-13T11:32:19","slug":"dani-olmo-y-su-futuro-estoy-abierto-a-lo-que-pueda-pasar","status":"publish","type":"post","link":"https:\/\/trayectoriadeportiva.com\/index.php\/2024\/06\/13\/dani-olmo-y-su-futuro-estoy-abierto-a-lo-que-pueda-pasar\/","title":{"rendered":"Dani Olmo y su futuro: \u201cEstoy abierto a lo que pueda pasar&#8221;"},"content":{"rendered":"<p>La selecci\u00f3n espa\u00f1ola sigue descontando los d\u00edas hasta su debut en la Eurocopa, que se producir\u00e1 el s\u00e1bado frente a Croacia (18h). Lo hace encadenando duras (pero alegres) sesiones de entrenamiento en el campo del SV Aasen, en Donaueschingen, donde el tiempo fresco es un gran aliado.<\/p>\n<p><a href=\"https:\/\/www.lavanguardia.com\/deportes\/futbol\/20240613\/9728862\/dani-olmo-espana-croacia-eurocopa-2024.html\">Seguir leyendo&#8230;<\/a><\/p>","protected":false},"excerpt":{"rendered":"<p>La selecci\u00f3n espa\u00f1ola sigue descontando los d\u00edas hasta su debut en la Eurocopa, que se producir\u00e1 el s\u00e1bado frente a Croacia (18h). Lo hace encadenando duras (pero alegres) sesiones de entrenamiento en el campo del SV Aasen, en Donaueschingen, donde el tiempo fresco es un gran aliado. Seguir leyendo&#8230;<\/p>\n","protected":false},"author":0,"featured_media":13432,"comment_status":"","ping_status":"","sticky":false,"template":"","format":"standard","meta":{"_et_pb_use_builder":"","_et_pb_old_content":"","_et_gb_content_width":"","footnotes":""},"categories":[1],"tags":[],"class_list":["post-13431","post","type-post","status-publish","format-standard","has-post-thumbnail","hentry","category-blog","et-has-post-format-content","et_post_format-et-post-format-standard"],"_links":{"self":[{"href":"https:\/\/trayectoriadeportiva.com\/index.php\/wp-json\/wp\/v2\/posts\/13431","targetHints":{"allow":["GET"]}}],"collection":[{"href":"https:\/\/trayectoriadeportiva.com\/index.php\/wp-json\/wp\/v2\/posts"}],"about":[{"href":"https:\/\/trayectoriadeportiva.com\/index.php\/wp-json\/wp\/v2\/types\/post"}],"replies":[{"embeddable":true,"href":"https:\/\/trayectoriadeportiva.com\/index.php\/wp-json\/wp\/v2\/comments?post=13431"}],"version-history":[{"count":0,"href":"https:\/\/trayectoriadeportiva.com\/index.php\/wp-json\/wp\/v2\/posts\/13431\/revisions"}],"wp:featuredmedia":[{"embeddable":true,"href":"https:\/\/trayectoriadeportiva.com\/index.php\/wp-json\/wp\/v2\/media\/13432"}],"wp:attachment":[{"href":"https:\/\/trayectoriadeportiva.com\/index.php\/wp-json\/wp\/v2\/media?parent=13431"}],"wp:term":[{"taxonomy":"category","embeddable":true,"href":"https:\/\/trayectoriadeportiva.com\/index.php\/wp-json\/wp\/v2\/categories?post=13431"},{"taxonomy":"post_tag","embeddable":true,"href":"https:\/\/trayectoriadeportiva.com\/index.php\/wp-json\/wp\/v2\/tags?post=13431"}],"curies":[{"name":"wp","href":"https:\/\/api.w.org\/{rel}","templated":true}]}}