{"id":13469,"date":"2024-06-14T11:51:02","date_gmt":"2024-06-14T11:51:02","guid":{"rendered":"https:\/\/trayectoriadeportiva.com\/index.php\/2024\/06\/14\/dembele-se-pronuncia-contra-la-ultraderecha-francesa-debemos-movilizarnos-para-ir-a-votar\/"},"modified":"2024-06-14T11:51:02","modified_gmt":"2024-06-14T11:51:02","slug":"dembele-se-pronuncia-contra-la-ultraderecha-francesa-debemos-movilizarnos-para-ir-a-votar","status":"publish","type":"post","link":"https:\/\/trayectoriadeportiva.com\/index.php\/2024\/06\/14\/dembele-se-pronuncia-contra-la-ultraderecha-francesa-debemos-movilizarnos-para-ir-a-votar\/","title":{"rendered":"Demb\u00e9l\u00e9 se pronuncia contra la ultraderecha francesa: \u201cDebemos movilizarnos para ir a votar\u201d"},"content":{"rendered":"<p>Ousmane Demb\u00e9l\u00e9, que se encuentra concentrado en Padernborn con la selecci\u00f3n francesa para afrontar la Eurocopa que arranca hoy, ha sorprendido con unas llamativas declaraciones sobre la actual situaci\u00f3n pol\u00edtica en el pa\u00eds galo.\u00a0\u201cLa situaci\u00f3n en Francia ha hecho sonar la alarma. Creo que debemos movilizarnos para ir a votar. Vi en las noticias que la mitad de los votantes no fueron a votar. Tenemos que ir a votar&#8221;.<\/p>\n<p><a href=\"https:\/\/www.lavanguardia.com\/deportes\/futbol\/20240614\/9732423\/dembele-declaraciones-francia-eurocopa-politica-francesa.html\">Seguir leyendo&#8230;<\/a><\/p>","protected":false},"excerpt":{"rendered":"<p>Ousmane Demb\u00e9l\u00e9, que se encuentra concentrado en Padernborn con la selecci\u00f3n francesa para afrontar la Eurocopa que arranca hoy, ha sorprendido con unas llamativas declaraciones sobre la actual situaci\u00f3n pol\u00edtica en el pa\u00eds galo.\u00a0\u201cLa situaci\u00f3n en Francia ha hecho sonar la alarma. Creo que debemos movilizarnos para ir a votar. Vi en las noticias que [&hellip;]<\/p>\n","protected":false},"author":0,"featured_media":13470,"comment_status":"","ping_status":"","sticky":false,"template":"","format":"standard","meta":{"_et_pb_use_builder":"","_et_pb_old_content":"","_et_gb_content_width":"","footnotes":""},"categories":[1],"tags":[],"class_list":["post-13469","post","type-post","status-publish","format-standard","has-post-thumbnail","hentry","category-blog","et-has-post-format-content","et_post_format-et-post-format-standard"],"_links":{"self":[{"href":"https:\/\/trayectoriadeportiva.com\/index.php\/wp-json\/wp\/v2\/posts\/13469","targetHints":{"allow":["GET"]}}],"collection":[{"href":"https:\/\/trayectoriadeportiva.com\/index.php\/wp-json\/wp\/v2\/posts"}],"about":[{"href":"https:\/\/trayectoriadeportiva.com\/index.php\/wp-json\/wp\/v2\/types\/post"}],"replies":[{"embeddable":true,"href":"https:\/\/trayectoriadeportiva.com\/index.php\/wp-json\/wp\/v2\/comments?post=13469"}],"version-history":[{"count":0,"href":"https:\/\/trayectoriadeportiva.com\/index.php\/wp-json\/wp\/v2\/posts\/13469\/revisions"}],"wp:featuredmedia":[{"embeddable":true,"href":"https:\/\/trayectoriadeportiva.com\/index.php\/wp-json\/wp\/v2\/media\/13470"}],"wp:attachment":[{"href":"https:\/\/trayectoriadeportiva.com\/index.php\/wp-json\/wp\/v2\/media?parent=13469"}],"wp:term":[{"taxonomy":"category","embeddable":true,"href":"https:\/\/trayectoriadeportiva.com\/index.php\/wp-json\/wp\/v2\/categories?post=13469"},{"taxonomy":"post_tag","embeddable":true,"href":"https:\/\/trayectoriadeportiva.com\/index.php\/wp-json\/wp\/v2\/tags?post=13469"}],"curies":[{"name":"wp","href":"https:\/\/api.w.org\/{rel}","templated":true}]}}