{"id":13597,"date":"2024-06-16T19:12:30","date_gmt":"2024-06-16T19:12:30","guid":{"rendered":"https:\/\/trayectoriadeportiva.com\/index.php\/2024\/06\/16\/erikssen-fue-bonito-marcar-delante-de-tantos-aficionados-daneses\/"},"modified":"2024-06-16T19:12:30","modified_gmt":"2024-06-16T19:12:30","slug":"erikssen-fue-bonito-marcar-delante-de-tantos-aficionados-daneses","status":"publish","type":"post","link":"https:\/\/trayectoriadeportiva.com\/index.php\/2024\/06\/16\/erikssen-fue-bonito-marcar-delante-de-tantos-aficionados-daneses\/","title":{"rendered":"Erikssen: \u201cFue bonito marcar delante de tantos aficionados daneses\u201d"},"content":{"rendered":"<p>1.100 d\u00edas despu\u00e9s de sufrir un paro card\u00edaco en la Eurocopa de 2020, el Christian Eriksen <a href=\"https:\/\/www.lavanguardia.com\/deportes\/futbol\/20240616\/9736516\/eriksen-da-victoria-dinamarca.html\">anot\u00f3 el primer gol de Dinamarca en esta Eurocopa<\/a>. Un tanto que no fue suficiente para asegurar el triunfo dan\u00e9s ante una Eslovenia que logr\u00f3 el empate en la segunda parte gracias al gol de Janza, pero que le vali\u00f3 el MVP del partido al jugador del Manchester United.<\/p>\n<p><a href=\"https:\/\/www.lavanguardia.com\/deportes\/futbol\/20240616\/9736624\/erikssen-bonito-marcar-delante-tantos-aficionados-daneses.html\">Seguir leyendo&#8230;<\/a><\/p>","protected":false},"excerpt":{"rendered":"<p>1.100 d\u00edas despu\u00e9s de sufrir un paro card\u00edaco en la Eurocopa de 2020, el Christian Eriksen anot\u00f3 el primer gol de Dinamarca en esta Eurocopa. Un tanto que no fue suficiente para asegurar el triunfo dan\u00e9s ante una Eslovenia que logr\u00f3 el empate en la segunda parte gracias al gol de Janza, pero que le [&hellip;]<\/p>\n","protected":false},"author":0,"featured_media":13598,"comment_status":"","ping_status":"","sticky":false,"template":"","format":"standard","meta":{"_et_pb_use_builder":"","_et_pb_old_content":"","_et_gb_content_width":"","footnotes":""},"categories":[1],"tags":[],"class_list":["post-13597","post","type-post","status-publish","format-standard","has-post-thumbnail","hentry","category-blog","et-has-post-format-content","et_post_format-et-post-format-standard"],"_links":{"self":[{"href":"https:\/\/trayectoriadeportiva.com\/index.php\/wp-json\/wp\/v2\/posts\/13597","targetHints":{"allow":["GET"]}}],"collection":[{"href":"https:\/\/trayectoriadeportiva.com\/index.php\/wp-json\/wp\/v2\/posts"}],"about":[{"href":"https:\/\/trayectoriadeportiva.com\/index.php\/wp-json\/wp\/v2\/types\/post"}],"replies":[{"embeddable":true,"href":"https:\/\/trayectoriadeportiva.com\/index.php\/wp-json\/wp\/v2\/comments?post=13597"}],"version-history":[{"count":0,"href":"https:\/\/trayectoriadeportiva.com\/index.php\/wp-json\/wp\/v2\/posts\/13597\/revisions"}],"wp:featuredmedia":[{"embeddable":true,"href":"https:\/\/trayectoriadeportiva.com\/index.php\/wp-json\/wp\/v2\/media\/13598"}],"wp:attachment":[{"href":"https:\/\/trayectoriadeportiva.com\/index.php\/wp-json\/wp\/v2\/media?parent=13597"}],"wp:term":[{"taxonomy":"category","embeddable":true,"href":"https:\/\/trayectoriadeportiva.com\/index.php\/wp-json\/wp\/v2\/categories?post=13597"},{"taxonomy":"post_tag","embeddable":true,"href":"https:\/\/trayectoriadeportiva.com\/index.php\/wp-json\/wp\/v2\/tags?post=13597"}],"curies":[{"name":"wp","href":"https:\/\/api.w.org\/{rel}","templated":true}]}}