{"id":13607,"date":"2024-06-17T04:00:00","date_gmt":"2024-06-17T04:00:00","guid":{"rendered":"https:\/\/trayectoriadeportiva.com\/index.php\/2024\/06\/17\/el-poder-de-la-calma\/"},"modified":"2024-06-17T04:00:00","modified_gmt":"2024-06-17T04:00:00","slug":"el-poder-de-la-calma","status":"publish","type":"post","link":"https:\/\/trayectoriadeportiva.com\/index.php\/2024\/06\/17\/el-poder-de-la-calma\/","title":{"rendered":"El poder de la calma"},"content":{"rendered":"<p>Despu\u00e9s de la victoria contra Croacia, el seleccionador espa\u00f1ol Luis de la Fuente elogi\u00f3 a sus jugadores y afirm\u00f3 que \u201cla calma es poder\u201d. Es una frase que interpela a lo que llamamos entorno y que en el caso de la selecci\u00f3n tiene tent\u00e1culos solo comparables a los del entorno cul\u00e9. Todav\u00eda hoy arrastramos el ruido provocado por figuras como Javier Clemente o Luis Enrique. Ninguno de los dos rehuy\u00f3 el cuerpo en cuerpo con una profesi\u00f3n period\u00edstica esclavizada por un sistema de comunicaci\u00f3n en el que la inmediatez ha vampirizado la actualidad (que, previamente, hab\u00eda vampirizado la informaci\u00f3n a trav\u00e9s del entretenimiento).<\/p>\n<p><a href=\"https:\/\/www.lavanguardia.com\/deportes\/20240617\/9736663\/calma.html\">Seguir leyendo&#8230;<\/a><\/p>","protected":false},"excerpt":{"rendered":"<p>Despu\u00e9s de la victoria contra Croacia, el seleccionador espa\u00f1ol Luis de la Fuente elogi\u00f3 a sus jugadores y afirm\u00f3 que \u201cla calma es poder\u201d. Es una frase que interpela a lo que llamamos entorno y que en el caso de la selecci\u00f3n tiene tent\u00e1culos solo comparables a los del entorno cul\u00e9. Todav\u00eda hoy arrastramos el [&hellip;]<\/p>\n","protected":false},"author":0,"featured_media":13608,"comment_status":"","ping_status":"","sticky":false,"template":"","format":"standard","meta":{"_et_pb_use_builder":"","_et_pb_old_content":"","_et_gb_content_width":"","footnotes":""},"categories":[1],"tags":[],"class_list":["post-13607","post","type-post","status-publish","format-standard","has-post-thumbnail","hentry","category-blog","et-has-post-format-content","et_post_format-et-post-format-standard"],"_links":{"self":[{"href":"https:\/\/trayectoriadeportiva.com\/index.php\/wp-json\/wp\/v2\/posts\/13607","targetHints":{"allow":["GET"]}}],"collection":[{"href":"https:\/\/trayectoriadeportiva.com\/index.php\/wp-json\/wp\/v2\/posts"}],"about":[{"href":"https:\/\/trayectoriadeportiva.com\/index.php\/wp-json\/wp\/v2\/types\/post"}],"replies":[{"embeddable":true,"href":"https:\/\/trayectoriadeportiva.com\/index.php\/wp-json\/wp\/v2\/comments?post=13607"}],"version-history":[{"count":0,"href":"https:\/\/trayectoriadeportiva.com\/index.php\/wp-json\/wp\/v2\/posts\/13607\/revisions"}],"wp:featuredmedia":[{"embeddable":true,"href":"https:\/\/trayectoriadeportiva.com\/index.php\/wp-json\/wp\/v2\/media\/13608"}],"wp:attachment":[{"href":"https:\/\/trayectoriadeportiva.com\/index.php\/wp-json\/wp\/v2\/media?parent=13607"}],"wp:term":[{"taxonomy":"category","embeddable":true,"href":"https:\/\/trayectoriadeportiva.com\/index.php\/wp-json\/wp\/v2\/categories?post=13607"},{"taxonomy":"post_tag","embeddable":true,"href":"https:\/\/trayectoriadeportiva.com\/index.php\/wp-json\/wp\/v2\/tags?post=13607"}],"curies":[{"name":"wp","href":"https:\/\/api.w.org\/{rel}","templated":true}]}}