{"id":13693,"date":"2024-06-19T04:00:00","date_gmt":"2024-06-19T04:00:00","guid":{"rendered":"https:\/\/trayectoriadeportiva.com\/index.php\/2024\/06\/19\/y-si-mbappe-votase-vox\/"},"modified":"2024-06-19T04:00:00","modified_gmt":"2024-06-19T04:00:00","slug":"y-si-mbappe-votase-vox","status":"publish","type":"post","link":"https:\/\/trayectoriadeportiva.com\/index.php\/2024\/06\/19\/y-si-mbappe-votase-vox\/","title":{"rendered":"\u00bfY si Mbapp\u00e9 votase Vox?"},"content":{"rendered":"<p>Cuando Francia gan\u00f3 su Mundial en Par\u00eds all\u00e1 por 1998, andaba uno de corresponsal en la ciudad de la luz \u2013y del amor, con permiso de Val\u00e8ncia\u2013. Cuarenta y ocho horas despu\u00e9s del triunfo de la selecci\u00f3n m\u00e1s multi\u00e9tnica, multirracial y brillante de la historia de Francia, los bleus fueron las estrellas de la recepci\u00f3n del 14 de julio en los jardines del El\u00edseo. Vinimos a decir \u2013menudos adivinos\u2013 que aquella victoria era un gol por la escuadra al Frente Nacional. El principio del fin del lepenismo, vaya&#8230;<\/p>\n<p><a href=\"https:\/\/www.lavanguardia.com\/deportes\/futbol\/20240619\/9742671\/mbappe-votase-vox.html\">Seguir leyendo&#8230;<\/a><\/p>","protected":false},"excerpt":{"rendered":"<p>Cuando Francia gan\u00f3 su Mundial en Par\u00eds all\u00e1 por 1998, andaba uno de corresponsal en la ciudad de la luz \u2013y del amor, con permiso de Val\u00e8ncia\u2013. Cuarenta y ocho horas despu\u00e9s del triunfo de la selecci\u00f3n m\u00e1s multi\u00e9tnica, multirracial y brillante de la historia de Francia, los bleus fueron las estrellas de la recepci\u00f3n [&hellip;]<\/p>\n","protected":false},"author":0,"featured_media":13694,"comment_status":"","ping_status":"","sticky":false,"template":"","format":"standard","meta":{"_et_pb_use_builder":"","_et_pb_old_content":"","_et_gb_content_width":"","footnotes":""},"categories":[1],"tags":[],"class_list":["post-13693","post","type-post","status-publish","format-standard","has-post-thumbnail","hentry","category-blog","et-has-post-format-content","et_post_format-et-post-format-standard"],"_links":{"self":[{"href":"https:\/\/trayectoriadeportiva.com\/index.php\/wp-json\/wp\/v2\/posts\/13693","targetHints":{"allow":["GET"]}}],"collection":[{"href":"https:\/\/trayectoriadeportiva.com\/index.php\/wp-json\/wp\/v2\/posts"}],"about":[{"href":"https:\/\/trayectoriadeportiva.com\/index.php\/wp-json\/wp\/v2\/types\/post"}],"replies":[{"embeddable":true,"href":"https:\/\/trayectoriadeportiva.com\/index.php\/wp-json\/wp\/v2\/comments?post=13693"}],"version-history":[{"count":0,"href":"https:\/\/trayectoriadeportiva.com\/index.php\/wp-json\/wp\/v2\/posts\/13693\/revisions"}],"wp:featuredmedia":[{"embeddable":true,"href":"https:\/\/trayectoriadeportiva.com\/index.php\/wp-json\/wp\/v2\/media\/13694"}],"wp:attachment":[{"href":"https:\/\/trayectoriadeportiva.com\/index.php\/wp-json\/wp\/v2\/media?parent=13693"}],"wp:term":[{"taxonomy":"category","embeddable":true,"href":"https:\/\/trayectoriadeportiva.com\/index.php\/wp-json\/wp\/v2\/categories?post=13693"},{"taxonomy":"post_tag","embeddable":true,"href":"https:\/\/trayectoriadeportiva.com\/index.php\/wp-json\/wp\/v2\/tags?post=13693"}],"curies":[{"name":"wp","href":"https:\/\/api.w.org\/{rel}","templated":true}]}}