{"id":13739,"date":"2024-06-20T08:56:47","date_gmt":"2024-06-20T08:56:47","guid":{"rendered":"https:\/\/trayectoriadeportiva.com\/index.php\/2024\/06\/20\/mario-hezonja-confirma-que-seguira-en-el-real-madrid\/"},"modified":"2024-06-20T08:56:47","modified_gmt":"2024-06-20T08:56:47","slug":"mario-hezonja-confirma-que-seguira-en-el-real-madrid","status":"publish","type":"post","link":"https:\/\/trayectoriadeportiva.com\/index.php\/2024\/06\/20\/mario-hezonja-confirma-que-seguira-en-el-real-madrid\/","title":{"rendered":"Mario Hezonja confirma que seguir\u00e1 en el Real Madrid"},"content":{"rendered":"<p>Mario Hezonja ha roto su silencio tras varios d\u00edas de especulaciones sobre su posible retorno al Bar\u00e7a con un comunicado a trav\u00e9s de X (Twitter) en el que comenta: \u201cComo todos sab\u00e9is, despu\u00e9s de mi \u00faltimo partido de la temporada me convert\u00ed en agente libre y soy libre para decidir d\u00f3nde quiero jugar durante los pr\u00f3ximos a\u00f1os. No he alcanzado ning\u00fan acuerdo con nadie m\u00e1s a partir de ese momento y, como dije, siempre lo oir\u00edais de m\u00ed primero\u201d.<\/p>\n<p><a href=\"https:\/\/www.lavanguardia.com\/deportes\/baloncesto\/20240620\/9746282\/mario-hezonja-confirma-continuidad-real-madrid-basloncesto.html\">Seguir leyendo&#8230;<\/a><\/p>","protected":false},"excerpt":{"rendered":"<p>Mario Hezonja ha roto su silencio tras varios d\u00edas de especulaciones sobre su posible retorno al Bar\u00e7a con un comunicado a trav\u00e9s de X (Twitter) en el que comenta: \u201cComo todos sab\u00e9is, despu\u00e9s de mi \u00faltimo partido de la temporada me convert\u00ed en agente libre y soy libre para decidir d\u00f3nde quiero jugar durante los [&hellip;]<\/p>\n","protected":false},"author":0,"featured_media":13740,"comment_status":"","ping_status":"","sticky":false,"template":"","format":"standard","meta":{"_et_pb_use_builder":"","_et_pb_old_content":"","_et_gb_content_width":"","footnotes":""},"categories":[1],"tags":[],"class_list":["post-13739","post","type-post","status-publish","format-standard","has-post-thumbnail","hentry","category-blog","et-has-post-format-content","et_post_format-et-post-format-standard"],"_links":{"self":[{"href":"https:\/\/trayectoriadeportiva.com\/index.php\/wp-json\/wp\/v2\/posts\/13739","targetHints":{"allow":["GET"]}}],"collection":[{"href":"https:\/\/trayectoriadeportiva.com\/index.php\/wp-json\/wp\/v2\/posts"}],"about":[{"href":"https:\/\/trayectoriadeportiva.com\/index.php\/wp-json\/wp\/v2\/types\/post"}],"replies":[{"embeddable":true,"href":"https:\/\/trayectoriadeportiva.com\/index.php\/wp-json\/wp\/v2\/comments?post=13739"}],"version-history":[{"count":0,"href":"https:\/\/trayectoriadeportiva.com\/index.php\/wp-json\/wp\/v2\/posts\/13739\/revisions"}],"wp:featuredmedia":[{"embeddable":true,"href":"https:\/\/trayectoriadeportiva.com\/index.php\/wp-json\/wp\/v2\/media\/13740"}],"wp:attachment":[{"href":"https:\/\/trayectoriadeportiva.com\/index.php\/wp-json\/wp\/v2\/media?parent=13739"}],"wp:term":[{"taxonomy":"category","embeddable":true,"href":"https:\/\/trayectoriadeportiva.com\/index.php\/wp-json\/wp\/v2\/categories?post=13739"},{"taxonomy":"post_tag","embeddable":true,"href":"https:\/\/trayectoriadeportiva.com\/index.php\/wp-json\/wp\/v2\/tags?post=13739"}],"curies":[{"name":"wp","href":"https:\/\/api.w.org\/{rel}","templated":true}]}}