{"id":13829,"date":"2024-06-21T21:51:24","date_gmt":"2024-06-21T21:51:24","guid":{"rendered":"https:\/\/trayectoriadeportiva.com\/index.php\/2024\/06\/21\/que-hable-el-capitan-que-gran-medida\/"},"modified":"2024-06-21T21:51:24","modified_gmt":"2024-06-21T21:51:24","slug":"que-hable-el-capitan-que-gran-medida","status":"publish","type":"post","link":"https:\/\/trayectoriadeportiva.com\/index.php\/2024\/06\/21\/que-hable-el-capitan-que-gran-medida\/","title":{"rendered":"Que hable el capit\u00e1n, qu\u00e9 gran medida"},"content":{"rendered":"<p>Los estadios llenos hasta la bandera y la casilla de tarjetas rojas, casi vac\u00eda. Goles en todos los partidos menos en uno (el de Francia y los Pa\u00edses Bajos) y expulsados limitados a la m\u00ednima expresi\u00f3n. Se puede discutir si la Eurocopa desde que la juegan 24 equipos incluye un exceso de selecciones, pero no que, por una vez, un cambio reglamentario est\u00e9 generando una din\u00e1mica positiva y nada controvertida. Antes del torneo, la UEFA inform\u00f3 de que solo el capit\u00e1n de cada selecci\u00f3n podr\u00eda dirigirse a los colegiados para conversar con \u00e9l\/protestar. Y el balance hasta el momento es estridente. 21 encuentros disputados y solo un expulsado, el escoc\u00e9s Porteous en el partido inaugural. Y no por comerle la oreja al \u00e1rbitro, sino por una dura entrada sobre el barcelonista G\u00fcndogan.<\/p>\n<p><a href=\"https:\/\/www.lavanguardia.com\/deportes\/20240621\/9751802\/hable-capitan-que-gran-medida.html\">Seguir leyendo&#8230;<\/a><\/p>","protected":false},"excerpt":{"rendered":"<p>Los estadios llenos hasta la bandera y la casilla de tarjetas rojas, casi vac\u00eda. Goles en todos los partidos menos en uno (el de Francia y los Pa\u00edses Bajos) y expulsados limitados a la m\u00ednima expresi\u00f3n. Se puede discutir si la Eurocopa desde que la juegan 24 equipos incluye un exceso de selecciones, pero no [&hellip;]<\/p>\n","protected":false},"author":0,"featured_media":13830,"comment_status":"","ping_status":"","sticky":false,"template":"","format":"standard","meta":{"_et_pb_use_builder":"","_et_pb_old_content":"","_et_gb_content_width":"","footnotes":""},"categories":[1],"tags":[],"class_list":["post-13829","post","type-post","status-publish","format-standard","has-post-thumbnail","hentry","category-blog","et-has-post-format-content","et_post_format-et-post-format-standard"],"_links":{"self":[{"href":"https:\/\/trayectoriadeportiva.com\/index.php\/wp-json\/wp\/v2\/posts\/13829","targetHints":{"allow":["GET"]}}],"collection":[{"href":"https:\/\/trayectoriadeportiva.com\/index.php\/wp-json\/wp\/v2\/posts"}],"about":[{"href":"https:\/\/trayectoriadeportiva.com\/index.php\/wp-json\/wp\/v2\/types\/post"}],"replies":[{"embeddable":true,"href":"https:\/\/trayectoriadeportiva.com\/index.php\/wp-json\/wp\/v2\/comments?post=13829"}],"version-history":[{"count":0,"href":"https:\/\/trayectoriadeportiva.com\/index.php\/wp-json\/wp\/v2\/posts\/13829\/revisions"}],"wp:featuredmedia":[{"embeddable":true,"href":"https:\/\/trayectoriadeportiva.com\/index.php\/wp-json\/wp\/v2\/media\/13830"}],"wp:attachment":[{"href":"https:\/\/trayectoriadeportiva.com\/index.php\/wp-json\/wp\/v2\/media?parent=13829"}],"wp:term":[{"taxonomy":"category","embeddable":true,"href":"https:\/\/trayectoriadeportiva.com\/index.php\/wp-json\/wp\/v2\/categories?post=13829"},{"taxonomy":"post_tag","embeddable":true,"href":"https:\/\/trayectoriadeportiva.com\/index.php\/wp-json\/wp\/v2\/tags?post=13829"}],"curies":[{"name":"wp","href":"https:\/\/api.w.org\/{rel}","templated":true}]}}