{"id":13831,"date":"2024-06-21T21:13:47","date_gmt":"2024-06-21T21:13:47","guid":{"rendered":"https:\/\/trayectoriadeportiva.com\/index.php\/2024\/06\/21\/ni-mbappe-ni-goles\/"},"modified":"2024-06-21T21:13:47","modified_gmt":"2024-06-21T21:13:47","slug":"ni-mbappe-ni-goles","status":"publish","type":"post","link":"https:\/\/trayectoriadeportiva.com\/index.php\/2024\/06\/21\/ni-mbappe-ni-goles\/","title":{"rendered":"Ni Mbapp\u00e9 ni goles"},"content":{"rendered":"<p>La vida no es igual sin Mbapp\u00e9, pensar\u00e1 Deschamps, que opt\u00f3 por reservar a su malherida estrella. Domin\u00f3 Francia a los Pa\u00edses Bajos pero fue incapaz de meter un s\u00f3lo gol, noche de pesadilla la de Griezmann, y no pudo asaltar la primera plaza del grupo D. A falta de una jornada, ese privilegio sigue en manos del equipo de Koeman, que fue claramente a menos en el Red Bull Arena de Leipzig, pero que sali\u00f3 airoso y acceder\u00e1 a octavos como primera de grupo si copia el resultado de les bleus en el \u00faltimo envite de esta primera fase de la Eurocopa.<\/p>\n<p><a href=\"https:\/\/www.lavanguardia.com\/deportes\/futbol\/20240621\/9751632\/holanda-francia-mbappe-eurocopa-2024-resumen.html\">Seguir leyendo&#8230;<\/a><\/p>","protected":false},"excerpt":{"rendered":"<p>La vida no es igual sin Mbapp\u00e9, pensar\u00e1 Deschamps, que opt\u00f3 por reservar a su malherida estrella. Domin\u00f3 Francia a los Pa\u00edses Bajos pero fue incapaz de meter un s\u00f3lo gol, noche de pesadilla la de Griezmann, y no pudo asaltar la primera plaza del grupo D. A falta de una jornada, ese privilegio sigue [&hellip;]<\/p>\n","protected":false},"author":0,"featured_media":13832,"comment_status":"","ping_status":"","sticky":false,"template":"","format":"standard","meta":{"_et_pb_use_builder":"","_et_pb_old_content":"","_et_gb_content_width":"","footnotes":""},"categories":[1],"tags":[],"class_list":["post-13831","post","type-post","status-publish","format-standard","has-post-thumbnail","hentry","category-blog","et-has-post-format-content","et_post_format-et-post-format-standard"],"_links":{"self":[{"href":"https:\/\/trayectoriadeportiva.com\/index.php\/wp-json\/wp\/v2\/posts\/13831","targetHints":{"allow":["GET"]}}],"collection":[{"href":"https:\/\/trayectoriadeportiva.com\/index.php\/wp-json\/wp\/v2\/posts"}],"about":[{"href":"https:\/\/trayectoriadeportiva.com\/index.php\/wp-json\/wp\/v2\/types\/post"}],"replies":[{"embeddable":true,"href":"https:\/\/trayectoriadeportiva.com\/index.php\/wp-json\/wp\/v2\/comments?post=13831"}],"version-history":[{"count":0,"href":"https:\/\/trayectoriadeportiva.com\/index.php\/wp-json\/wp\/v2\/posts\/13831\/revisions"}],"wp:featuredmedia":[{"embeddable":true,"href":"https:\/\/trayectoriadeportiva.com\/index.php\/wp-json\/wp\/v2\/media\/13832"}],"wp:attachment":[{"href":"https:\/\/trayectoriadeportiva.com\/index.php\/wp-json\/wp\/v2\/media?parent=13831"}],"wp:term":[{"taxonomy":"category","embeddable":true,"href":"https:\/\/trayectoriadeportiva.com\/index.php\/wp-json\/wp\/v2\/categories?post=13831"},{"taxonomy":"post_tag","embeddable":true,"href":"https:\/\/trayectoriadeportiva.com\/index.php\/wp-json\/wp\/v2\/tags?post=13831"}],"curies":[{"name":"wp","href":"https:\/\/api.w.org\/{rel}","templated":true}]}}