{"id":13845,"date":"2024-06-22T09:43:36","date_gmt":"2024-06-22T09:43:36","guid":{"rendered":"https:\/\/trayectoriadeportiva.com\/index.php\/2024\/06\/22\/primera-victoria-de-mari-boya-en-la-formula-3-en-montmelo\/"},"modified":"2024-06-22T09:43:36","modified_gmt":"2024-06-22T09:43:36","slug":"primera-victoria-de-mari-boya-en-la-formula-3-en-montmelo","status":"publish","type":"post","link":"https:\/\/trayectoriadeportiva.com\/index.php\/2024\/06\/22\/primera-victoria-de-mari-boya-en-la-formula-3-en-montmelo\/","title":{"rendered":"Primera victoria de Mari Boya en la F\u00f3rmula 3 en Montmel\u00f3"},"content":{"rendered":"<p>Jos\u00e9 Mar\u00eda Naval\u00f3n Boya (20), m\u00e1s conocido como Mari Boya, ya es profeta en su tierra. El piloto de Les, pueblecito del Valle de Ar\u00e1n, ha logrado su primera victoria en F\u00f3rmula 3 en la carrera de casa, la Sprint del GP de Espa\u00f1a, en el Circuit de Barcelona-Catalunya.<\/p>\n<p><a href=\"https:\/\/www.lavanguardia.com\/deportes\/automovilismo\/20240622\/9752227\/primera-victoria-mari-boya-formula-3-montmelo.html\">Seguir leyendo&#8230;<\/a><\/p>","protected":false},"excerpt":{"rendered":"<p>Jos\u00e9 Mar\u00eda Naval\u00f3n Boya (20), m\u00e1s conocido como Mari Boya, ya es profeta en su tierra. El piloto de Les, pueblecito del Valle de Ar\u00e1n, ha logrado su primera victoria en F\u00f3rmula 3 en la carrera de casa, la Sprint del GP de Espa\u00f1a, en el Circuit de Barcelona-Catalunya. Seguir leyendo&#8230;<\/p>\n","protected":false},"author":0,"featured_media":13846,"comment_status":"","ping_status":"","sticky":false,"template":"","format":"standard","meta":{"_et_pb_use_builder":"","_et_pb_old_content":"","_et_gb_content_width":"","footnotes":""},"categories":[1],"tags":[],"class_list":["post-13845","post","type-post","status-publish","format-standard","has-post-thumbnail","hentry","category-blog","et-has-post-format-content","et_post_format-et-post-format-standard"],"_links":{"self":[{"href":"https:\/\/trayectoriadeportiva.com\/index.php\/wp-json\/wp\/v2\/posts\/13845","targetHints":{"allow":["GET"]}}],"collection":[{"href":"https:\/\/trayectoriadeportiva.com\/index.php\/wp-json\/wp\/v2\/posts"}],"about":[{"href":"https:\/\/trayectoriadeportiva.com\/index.php\/wp-json\/wp\/v2\/types\/post"}],"replies":[{"embeddable":true,"href":"https:\/\/trayectoriadeportiva.com\/index.php\/wp-json\/wp\/v2\/comments?post=13845"}],"version-history":[{"count":0,"href":"https:\/\/trayectoriadeportiva.com\/index.php\/wp-json\/wp\/v2\/posts\/13845\/revisions"}],"wp:featuredmedia":[{"embeddable":true,"href":"https:\/\/trayectoriadeportiva.com\/index.php\/wp-json\/wp\/v2\/media\/13846"}],"wp:attachment":[{"href":"https:\/\/trayectoriadeportiva.com\/index.php\/wp-json\/wp\/v2\/media?parent=13845"}],"wp:term":[{"taxonomy":"category","embeddable":true,"href":"https:\/\/trayectoriadeportiva.com\/index.php\/wp-json\/wp\/v2\/categories?post=13845"},{"taxonomy":"post_tag","embeddable":true,"href":"https:\/\/trayectoriadeportiva.com\/index.php\/wp-json\/wp\/v2\/tags?post=13845"}],"curies":[{"name":"wp","href":"https:\/\/api.w.org\/{rel}","templated":true}]}}