{"id":13865,"date":"2024-06-22T20:32:43","date_gmt":"2024-06-22T20:32:43","guid":{"rendered":"https:\/\/trayectoriadeportiva.com\/index.php\/2024\/06\/22\/mireia-belmonte-se-queda-fuera-de-los-juegos-olimpicos-de-paris\/"},"modified":"2024-06-22T20:32:43","modified_gmt":"2024-06-22T20:32:43","slug":"mireia-belmonte-se-queda-fuera-de-los-juegos-olimpicos-de-paris","status":"publish","type":"post","link":"https:\/\/trayectoriadeportiva.com\/index.php\/2024\/06\/22\/mireia-belmonte-se-queda-fuera-de-los-juegos-olimpicos-de-paris\/","title":{"rendered":"Mireia Belmonte se queda fuera de los Juegos Ol\u00edmpicos de Par\u00eds"},"content":{"rendered":"<p>Mireia Belmonte, la mejor nadadora espa\u00f1ola de todos los tiempos, no podr\u00e1 disputar su quinta cita ol\u00edmpica consecutiva, tras quedarse fuera de los Juegos de Par\u00eds al concluir este s\u00e1bado sexta en la final de los 400 libre de los Campeonatos de Espa\u00f1a que se disputan en Palma de Mallorca con un tiempo de 4:20.72 minutos.<\/p>\n<p><a href=\"https:\/\/www.lavanguardia.com\/deportes\/20240622\/9753033\/mireia-belmonte-queda-fuera-juegos-olimpicos-paris.html\">Seguir leyendo&#8230;<\/a><\/p>","protected":false},"excerpt":{"rendered":"<p>Mireia Belmonte, la mejor nadadora espa\u00f1ola de todos los tiempos, no podr\u00e1 disputar su quinta cita ol\u00edmpica consecutiva, tras quedarse fuera de los Juegos de Par\u00eds al concluir este s\u00e1bado sexta en la final de los 400 libre de los Campeonatos de Espa\u00f1a que se disputan en Palma de Mallorca con un tiempo de 4:20.72 [&hellip;]<\/p>\n","protected":false},"author":0,"featured_media":13866,"comment_status":"","ping_status":"","sticky":false,"template":"","format":"standard","meta":{"_et_pb_use_builder":"","_et_pb_old_content":"","_et_gb_content_width":"","footnotes":""},"categories":[1],"tags":[],"class_list":["post-13865","post","type-post","status-publish","format-standard","has-post-thumbnail","hentry","category-blog","et-has-post-format-content","et_post_format-et-post-format-standard"],"_links":{"self":[{"href":"https:\/\/trayectoriadeportiva.com\/index.php\/wp-json\/wp\/v2\/posts\/13865","targetHints":{"allow":["GET"]}}],"collection":[{"href":"https:\/\/trayectoriadeportiva.com\/index.php\/wp-json\/wp\/v2\/posts"}],"about":[{"href":"https:\/\/trayectoriadeportiva.com\/index.php\/wp-json\/wp\/v2\/types\/post"}],"replies":[{"embeddable":true,"href":"https:\/\/trayectoriadeportiva.com\/index.php\/wp-json\/wp\/v2\/comments?post=13865"}],"version-history":[{"count":0,"href":"https:\/\/trayectoriadeportiva.com\/index.php\/wp-json\/wp\/v2\/posts\/13865\/revisions"}],"wp:featuredmedia":[{"embeddable":true,"href":"https:\/\/trayectoriadeportiva.com\/index.php\/wp-json\/wp\/v2\/media\/13866"}],"wp:attachment":[{"href":"https:\/\/trayectoriadeportiva.com\/index.php\/wp-json\/wp\/v2\/media?parent=13865"}],"wp:term":[{"taxonomy":"category","embeddable":true,"href":"https:\/\/trayectoriadeportiva.com\/index.php\/wp-json\/wp\/v2\/categories?post=13865"},{"taxonomy":"post_tag","embeddable":true,"href":"https:\/\/trayectoriadeportiva.com\/index.php\/wp-json\/wp\/v2\/tags?post=13865"}],"curies":[{"name":"wp","href":"https:\/\/api.w.org\/{rel}","templated":true}]}}