{"id":13965,"date":"2024-06-25T08:47:30","date_gmt":"2024-06-25T08:47:30","guid":{"rendered":"https:\/\/trayectoriadeportiva.com\/index.php\/2024\/06\/25\/el-atletico-de-madrid-ampliara-su-capital-con-707-millones-de-euros\/"},"modified":"2024-06-25T08:47:30","modified_gmt":"2024-06-25T08:47:30","slug":"el-atletico-de-madrid-ampliara-su-capital-con-707-millones-de-euros","status":"publish","type":"post","link":"https:\/\/trayectoriadeportiva.com\/index.php\/2024\/06\/25\/el-atletico-de-madrid-ampliara-su-capital-con-707-millones-de-euros\/","title":{"rendered":"El Atl\u00e9tico de Madrid ampliar\u00e1 su capital con 70,7 millones de euros"},"content":{"rendered":"<p>La Junta General del Atl\u00e9tico de Madrid, reunida este lunes en el estadio C\u00edvitas Metropolitano y con asistencia de socios que representaban un 98,78 % del capital social, acord\u00f3 por unanimidad una ampliaci\u00f3n de capital mediante la emisi\u00f3n de 378.352 nuevas acciones, con un valor nominal de 8,5 euros y con una prima de emisi\u00f3n de 178,60 euros por acci\u00f3n, lo que supone un total de 70.789.659, 20 euros, a raz\u00f3n de 187,10 euros por acci\u00f3n.<\/p>\n<p><a href=\"https:\/\/www.lavanguardia.com\/deportes\/20240625\/9755793\/junta-general-apueba-ampliacion-capital-70-7-millones-euros-agenciaslv20240624.html\">Seguir leyendo&#8230;<\/a><\/p>","protected":false},"excerpt":{"rendered":"<p>La Junta General del Atl\u00e9tico de Madrid, reunida este lunes en el estadio C\u00edvitas Metropolitano y con asistencia de socios que representaban un 98,78 % del capital social, acord\u00f3 por unanimidad una ampliaci\u00f3n de capital mediante la emisi\u00f3n de 378.352 nuevas acciones, con un valor nominal de 8,5 euros y con una prima de emisi\u00f3n [&hellip;]<\/p>\n","protected":false},"author":0,"featured_media":13966,"comment_status":"","ping_status":"","sticky":false,"template":"","format":"standard","meta":{"_et_pb_use_builder":"","_et_pb_old_content":"","_et_gb_content_width":"","footnotes":""},"categories":[1],"tags":[],"class_list":["post-13965","post","type-post","status-publish","format-standard","has-post-thumbnail","hentry","category-blog","et-has-post-format-content","et_post_format-et-post-format-standard"],"_links":{"self":[{"href":"https:\/\/trayectoriadeportiva.com\/index.php\/wp-json\/wp\/v2\/posts\/13965","targetHints":{"allow":["GET"]}}],"collection":[{"href":"https:\/\/trayectoriadeportiva.com\/index.php\/wp-json\/wp\/v2\/posts"}],"about":[{"href":"https:\/\/trayectoriadeportiva.com\/index.php\/wp-json\/wp\/v2\/types\/post"}],"replies":[{"embeddable":true,"href":"https:\/\/trayectoriadeportiva.com\/index.php\/wp-json\/wp\/v2\/comments?post=13965"}],"version-history":[{"count":0,"href":"https:\/\/trayectoriadeportiva.com\/index.php\/wp-json\/wp\/v2\/posts\/13965\/revisions"}],"wp:featuredmedia":[{"embeddable":true,"href":"https:\/\/trayectoriadeportiva.com\/index.php\/wp-json\/wp\/v2\/media\/13966"}],"wp:attachment":[{"href":"https:\/\/trayectoriadeportiva.com\/index.php\/wp-json\/wp\/v2\/media?parent=13965"}],"wp:term":[{"taxonomy":"category","embeddable":true,"href":"https:\/\/trayectoriadeportiva.com\/index.php\/wp-json\/wp\/v2\/categories?post=13965"},{"taxonomy":"post_tag","embeddable":true,"href":"https:\/\/trayectoriadeportiva.com\/index.php\/wp-json\/wp\/v2\/tags?post=13965"}],"curies":[{"name":"wp","href":"https:\/\/api.w.org\/{rel}","templated":true}]}}